{"id":412889,"date":"2025-11-12T10:04:48","date_gmt":"2025-11-12T09:04:48","guid":{"rendered":"https:\/\/climatescience.press\/?p=412889"},"modified":"2025-11-12T10:04:48","modified_gmt":"2025-11-12T09:04:48","slug":"alarmists-play-long-game-at-cop30","status":"publish","type":"post","link":"https:\/\/climatescience.press\/?p=412889","title":{"rendered":"Alarmists play long game at COP30"},"content":{"rendered":"\n<figure class=\"wp-block-image size-large\"><img data-recalc-dims=\"1\" loading=\"lazy\" decoding=\"async\" width=\"723\" height=\"383\" data-attachment-id=\"412895\" data-permalink=\"https:\/\/climatescience.press\/?attachment_id=412895\" data-orig-file=\"https:\/\/i0.wp.com\/climatescience.press\/wp-content\/uploads\/2025\/11\/0Screenshot-2025-11-12-100314.png?fit=1406%2C746&amp;ssl=1\" data-orig-size=\"1406,746\" data-comments-opened=\"1\" data-image-meta=\"{&quot;aperture&quot;:&quot;0&quot;,&quot;credit&quot;:&quot;&quot;,&quot;camera&quot;:&quot;&quot;,&quot;caption&quot;:&quot;&quot;,&quot;created_timestamp&quot;:&quot;0&quot;,&quot;copyright&quot;:&quot;&quot;,&quot;focal_length&quot;:&quot;0&quot;,&quot;iso&quot;:&quot;0&quot;,&quot;shutter_speed&quot;:&quot;0&quot;,&quot;title&quot;:&quot;&quot;,&quot;orientation&quot;:&quot;0&quot;}\" data-image-title=\"0,Screenshot 2025-11-12 100314\" data-image-description=\"\" data-image-caption=\"\" data-large-file=\"https:\/\/i0.wp.com\/climatescience.press\/wp-content\/uploads\/2025\/11\/0Screenshot-2025-11-12-100314.png?fit=723%2C383&amp;ssl=1\" src=\"https:\/\/i0.wp.com\/climatescience.press\/wp-content\/uploads\/2025\/11\/0Screenshot-2025-11-12-100314.png?resize=723%2C383&#038;ssl=1\" alt=\"\" class=\"wp-image-412895\" srcset=\"https:\/\/i0.wp.com\/climatescience.press\/wp-content\/uploads\/2025\/11\/0Screenshot-2025-11-12-100314.png?resize=1024%2C543&amp;ssl=1 1024w, https:\/\/i0.wp.com\/climatescience.press\/wp-content\/uploads\/2025\/11\/0Screenshot-2025-11-12-100314.png?resize=300%2C159&amp;ssl=1 300w, https:\/\/i0.wp.com\/climatescience.press\/wp-content\/uploads\/2025\/11\/0Screenshot-2025-11-12-100314.png?resize=768%2C407&amp;ssl=1 768w, https:\/\/i0.wp.com\/climatescience.press\/wp-content\/uploads\/2025\/11\/0Screenshot-2025-11-12-100314.png?resize=1200%2C637&amp;ssl=1 1200w, https:\/\/i0.wp.com\/climatescience.press\/wp-content\/uploads\/2025\/11\/0Screenshot-2025-11-12-100314.png?w=1406&amp;ssl=1 1406w\" sizes=\"auto, (max-width: 723px) 100vw, 723px\" \/><\/figure>\n\n\n\n<p class=\"wp-block-paragraph\"><\/p>\n\n\n\n<p class=\"wp-block-paragraph\">From <a href=\"https:\/\/www.cfact.org\/2025\/11\/10\/alarmists-play-long-game-at-cop-30\/\">CFACT<\/a><\/p>\n\n\n\n<p class=\"wp-block-paragraph\">Climate alarmism has been seriously stalled by a combination of President Trump and unfavorable economic conditions. So, the diplomats laboring at COP30 are working on long-term issues, hoping for better \u201cweather,\u201d as it were. They are still very busy negotiating the future.<\/p>\n\n\n\n<p class=\"wp-block-paragraph\">Major policy initiatives often take a decade or more, so while subdued, the work has not slowed down. Rumors of the death of alarmism are greatly exaggerated. The greens are just biding their time.<\/p>\n\n\n\n<p class=\"wp-block-paragraph\">Most of the issues are about money, of course, although the call for increased 2030 emission reduction targets is also on the table. The money issues mostly have to do with long-term objectives and mechanisms. This includes various global taxes such as on shipping emissions and airfare.<\/p>\n\n\n\n<p class=\"wp-block-paragraph\">An unavoidable, immediate money issue is raising the supposed $100 billion annual payment by \u201cdeveloped\u201d countries to \u201cdeveloping\u201d countries. (This distinction between donor and recipient countries is based on two lists from 1992 that are long out of date.)<\/p>\n\n\n\n<p class=\"wp-block-paragraph\">But even here, what was once talk of trillions has moderated to a mere hundreds of billions in the short term. Instead, they are supposed to develop a roadmap to get to $1.3 trillion a year some time from now.<\/p>\n\n\n\n<p class=\"wp-block-paragraph\">On the new emission targets, there has been a distinct lack of ambition. Many developing countries have yet to submit theirs. One reason may be that these grand plans are all written as being contingent on funding from the \u201cdeveloped\u201d countries. Raising these numbers could be a bad move politically.<\/p>\n\n\n\n<p class=\"wp-block-paragraph\">The EU just squeezed its new target in. It increases the loopholes more than the target. Even at that, several member countries objected to it.<\/p>\n\n\n\n<p class=\"wp-block-paragraph\">One of the biggest things happening is likely to fly under the news radar since it sounds vague and small. The new \u201cFund for Responding to Loss and Damage (FRLD)\u201d has a mere $250 million, but COP30 will see the formal launch of the Fund\u2019s first call for project funding requests.<\/p>\n\n\n\n<p class=\"wp-block-paragraph\">These loss and damage response requests will be from developing countries hit hard by bad weather supposedly caused by climate change, or maybe by sea-level rise, or even by wildfires. The thing is that, at this point, we have no idea what qualifies as climate loss or damage. That vagueness makes this first proposal process a very big deal even if the money is next to nothing.<\/p>\n\n\n\n<p class=\"wp-block-paragraph\">If every bit of big bad weather is a \u201cclimate event,\u201d as they are now called, how do you decide which deserves a cash response? If only certain events qualify, then which are they? These are very difficult questions which the FRLD is launching at COP30.<\/p>\n\n\n\n<p class=\"wp-block-paragraph\">Also, which countries qualify? It is sometimes said that this funding is intended for just the poorest countries. If so, then what is the qualifying threshold for compensation? How poor does a country have to be?<\/p>\n\n\n\n<p class=\"wp-block-paragraph\">Ideally, these questions will be addressed in the call for funding proposals, but maybe not. For that matter, does the COP membership have a say in the answers? If not, then why is the call being made at the COP? If so, then it could produce some serious infighting.<\/p>\n\n\n\n<p class=\"wp-block-paragraph\">As an aside, a recent study reported an interesting problem with countries taking FRLD funding. Some say they do not want to do it because their populace would then want to be funded for all weather-related loss and damage, not just what the FRLD funded.<\/p>\n\n\n\n<p class=\"wp-block-paragraph\">Note that the FRLD could get sizable because developed countries already put a lot of money into disaster assistance. They could run it through the FRLD as a feel-good exercise, maybe even counting it toward the annual payment. A lot of foreign aid is already counted that way.<\/p>\n\n\n\n<p class=\"wp-block-paragraph\">In summary, the popular idea that COP30 is a dead end is false. They will just give the busy-work program a future focus. Diplomats do that all the time.<\/p>\n\n\n\n<p class=\"wp-block-paragraph\"><\/p>\n","protected":false},"excerpt":{"rendered":"<p>From CFACT Climate alarmism has been seriously stalled by a combination of President Trump and unfavorable economic conditions. So, the diplomats laboring at COP30 are working on long-term issues, hoping for better \u201cweather,\u201d as it were. They are still very busy negotiating the future. Major policy initiatives often take a decade or more, so while [&hellip;]<\/p>\n","protected":false},"author":121246920,"featured_media":412895,"comment_status":"open","ping_status":"open","sticky":false,"template":"","format":"standard","meta":{"_coblocks_attr":"","_coblocks_dimensions":"","_coblocks_responsive_height":"","_coblocks_accordion_ie_support":"","_crdt_document":"","advanced_seo_description":"","jetpack_seo_html_title":"","jetpack_seo_noindex":false,"_jetpack_newsletter_access":"","_jetpack_dont_email_post_to_subs":false,"_jetpack_newsletter_tier_id":0,"_jetpack_memberships_contains_paywalled_content":false,"_jetpack_memberships_contains_paid_content":false,"footnotes":"","jetpack_publicize_message":"","jetpack_publicize_feature_enabled":true,"jetpack_social_post_already_shared":false,"jetpack_social_options":{"image_generator_settings":{"template":"highway","default_image_id":0,"font":"","enabled":false},"version":2},"jetpack_post_was_ever_published":false},"categories":[1],"tags":[691839609,691819134,691838276,691839608,691827234],"class_list":{"0":"post-412889","1":"post","2":"type-post","3":"status-publish","4":"format-standard","5":"has-post-thumbnail","6":"hentry","7":"category-uncategorized","8":"tag-fund-for-responding-to-loss-and-damage-frld-2","9":"tag-climate-alarmism","10":"tag-cop30-climate-summit-in-brazil","11":"tag-emission-reduction-targets","12":"tag-european-union-eu","14":"fallback-thumbnail"},"jetpack_publicize_connections":[],"jetpack_featured_media_url":"https:\/\/i0.wp.com\/climatescience.press\/wp-content\/uploads\/2025\/11\/0Screenshot-2025-11-12-100314.png?fit=1406%2C746&ssl=1","jetpack_likes_enabled":true,"jetpack_sharing_enabled":true,"jetpack_shortlink":"https:\/\/wp.me\/paxLW1-1Jpv","jetpack-related-posts":[{"id":417166,"url":"https:\/\/climatescience.press\/?p=417166","url_meta":{"origin":412889,"position":0},"title":"EPA Exits Climate Alarm Business &#8211; The Climate Realism Show\u00a0#185","author":"uwe.roland.gross","date":"12\/12\/2025","format":false,"excerpt":"The Heartland Institute\u2019s Jim Lakely, Anthony Watts, Sterling Burnett, and Linnea Lueken will be joined by special guest Jason Isaac, Founder and CEO of the American Energy Institute and a former state legislator in Texas.","rel":"","context":"In \"climate alarmism\"","block_context":{"text":"climate alarmism","link":"https:\/\/climatescience.press\/?tag=climate-alarmism"},"img":{"alt_text":"","src":"https:\/\/i0.wp.com\/climatescience.press\/wp-content\/uploads\/2025\/12\/0Screenshot-2025-12-12-183052.png?fit=1200%2C669&ssl=1&resize=350%2C200","width":350,"height":200,"srcset":"https:\/\/i0.wp.com\/climatescience.press\/wp-content\/uploads\/2025\/12\/0Screenshot-2025-12-12-183052.png?fit=1200%2C669&ssl=1&resize=350%2C200 1x, https:\/\/i0.wp.com\/climatescience.press\/wp-content\/uploads\/2025\/12\/0Screenshot-2025-12-12-183052.png?fit=1200%2C669&ssl=1&resize=525%2C300 1.5x, https:\/\/i0.wp.com\/climatescience.press\/wp-content\/uploads\/2025\/12\/0Screenshot-2025-12-12-183052.png?fit=1200%2C669&ssl=1&resize=700%2C400 2x, https:\/\/i0.wp.com\/climatescience.press\/wp-content\/uploads\/2025\/12\/0Screenshot-2025-12-12-183052.png?fit=1200%2C669&ssl=1&resize=1050%2C600 3x"},"classes":[]},{"id":416173,"url":"https:\/\/climatescience.press\/?p=416173","url_meta":{"origin":412889,"position":1},"title":"Good News: Climate Cult in Decline \u2014 The Climate Realism Show\u00a0#184","author":"uwe.roland.gross","date":"12\/05\/2025","format":false,"excerpt":"The Heartland Institute\u2019s Jim Lakely, Anthony Watts, Sterling Burnett, and Linnea Lueken will be joined by special guest and fan favorite Steve Milloy of Junkscience.com. We will also cover some of the Crazy Climate News of the Week, including an exodus from EPA, what climate policy failure looks like in\u2026","rel":"","context":"In \"climate alarmism\"","block_context":{"text":"climate alarmism","link":"https:\/\/climatescience.press\/?tag=climate-alarmism"},"img":{"alt_text":"","src":"https:\/\/i0.wp.com\/climatescience.press\/wp-content\/uploads\/2025\/12\/0Screenshot-2025-12-05-180832.png?fit=1200%2C666&ssl=1&resize=350%2C200","width":350,"height":200,"srcset":"https:\/\/i0.wp.com\/climatescience.press\/wp-content\/uploads\/2025\/12\/0Screenshot-2025-12-05-180832.png?fit=1200%2C666&ssl=1&resize=350%2C200 1x, https:\/\/i0.wp.com\/climatescience.press\/wp-content\/uploads\/2025\/12\/0Screenshot-2025-12-05-180832.png?fit=1200%2C666&ssl=1&resize=525%2C300 1.5x, https:\/\/i0.wp.com\/climatescience.press\/wp-content\/uploads\/2025\/12\/0Screenshot-2025-12-05-180832.png?fit=1200%2C666&ssl=1&resize=700%2C400 2x, https:\/\/i0.wp.com\/climatescience.press\/wp-content\/uploads\/2025\/12\/0Screenshot-2025-12-05-180832.png?fit=1200%2C666&ssl=1&resize=1050%2C600 3x"},"classes":[]},{"id":404098,"url":"https:\/\/climatescience.press\/?p=404098","url_meta":{"origin":412889,"position":2},"title":"COP30 Accommodation Crisis: UN Pleads with Staff to Trim Delegations","author":"uwe.roland.gross","date":"09\/22\/2025","format":false,"excerpt":"The city of Bel\u00e9m sounds like an interesting place. Despite being the gateway to the Amazon River, it is claimed Bel\u00e9m has a surprisingly low Malaria risk. But there are lots of suggestions online that Bel\u00e9m has a problem with Typhoid, including a substantial outbreak in 2024.","rel":"","context":"In \"Accommodation Crisis\"","block_context":{"text":"Accommodation Crisis","link":"https:\/\/climatescience.press\/?tag=accommodation-crisis"},"img":{"alt_text":"","src":"https:\/\/i0.wp.com\/climatescience.press\/wp-content\/uploads\/2025\/09\/0548718316_796608383535195_8273900725296774622_n.jpg?fit=1200%2C796&ssl=1&resize=350%2C200","width":350,"height":200,"srcset":"https:\/\/i0.wp.com\/climatescience.press\/wp-content\/uploads\/2025\/09\/0548718316_796608383535195_8273900725296774622_n.jpg?fit=1200%2C796&ssl=1&resize=350%2C200 1x, https:\/\/i0.wp.com\/climatescience.press\/wp-content\/uploads\/2025\/09\/0548718316_796608383535195_8273900725296774622_n.jpg?fit=1200%2C796&ssl=1&resize=525%2C300 1.5x, https:\/\/i0.wp.com\/climatescience.press\/wp-content\/uploads\/2025\/09\/0548718316_796608383535195_8273900725296774622_n.jpg?fit=1200%2C796&ssl=1&resize=700%2C400 2x, https:\/\/i0.wp.com\/climatescience.press\/wp-content\/uploads\/2025\/09\/0548718316_796608383535195_8273900725296774622_n.jpg?fit=1200%2C796&ssl=1&resize=1050%2C600 3x"},"classes":[]},{"id":406952,"url":"https:\/\/climatescience.press\/?p=406952","url_meta":{"origin":412889,"position":3},"title":"COP 30 Preparations show up All That is Wrong with Climate Alarmism","author":"uwe.roland.gross","date":"10\/07\/2025","format":false,"excerpt":"In case you\u2019ve missed it amid the Trump White House\u2019s decision to ban U.S. participation, this year\u2019s U.N.-sponsored COP 30 conference is being hosted by\u00a0Belem, the capital city of the Brazilian state of Para.","rel":"","context":"In \"Bloomberg\"","block_context":{"text":"Bloomberg","link":"https:\/\/climatescience.press\/?tag=bloomberg"},"img":{"alt_text":"","src":"https:\/\/i0.wp.com\/climatescience.press\/wp-content\/uploads\/2025\/10\/0545609643_792324673963566_7600438062870042504_n.jpg?fit=1200%2C1200&ssl=1&resize=350%2C200","width":350,"height":200,"srcset":"https:\/\/i0.wp.com\/climatescience.press\/wp-content\/uploads\/2025\/10\/0545609643_792324673963566_7600438062870042504_n.jpg?fit=1200%2C1200&ssl=1&resize=350%2C200 1x, https:\/\/i0.wp.com\/climatescience.press\/wp-content\/uploads\/2025\/10\/0545609643_792324673963566_7600438062870042504_n.jpg?fit=1200%2C1200&ssl=1&resize=525%2C300 1.5x, https:\/\/i0.wp.com\/climatescience.press\/wp-content\/uploads\/2025\/10\/0545609643_792324673963566_7600438062870042504_n.jpg?fit=1200%2C1200&ssl=1&resize=700%2C400 2x, https:\/\/i0.wp.com\/climatescience.press\/wp-content\/uploads\/2025\/10\/0545609643_792324673963566_7600438062870042504_n.jpg?fit=1200%2C1200&ssl=1&resize=1050%2C600 3x"},"classes":[]},{"id":412939,"url":"https:\/\/climatescience.press\/?p=412939","url_meta":{"origin":412889,"position":4},"title":"COP30: The usual suspects sound the alarm, but funding is diminishing","author":"uwe.roland.gross","date":"11\/12\/2025","format":false,"excerpt":"Prince William speaks, but others are singing a new climate tune","rel":"","context":"In \"carbon dioxide (CO\u2082)\"","block_context":{"text":"carbon dioxide (CO\u2082)","link":"https:\/\/climatescience.press\/?tag=carbon-dioxide-co%e2%82%82"},"img":{"alt_text":"","src":"https:\/\/i0.wp.com\/climatescience.press\/wp-content\/uploads\/2025\/11\/0AQMClKKThFSPlJEoS3zf2ba7L7SuWO1e0EANJbyHr5afS5reVhj-keUHAJnnbg6C2jjCDaIN49JaoYwpghswIcS6eMvAi41c8tThhnn23QhMRCe432ugr0ZulnioJnWi-1.jpeg?fit=1200%2C742&ssl=1&resize=350%2C200","width":350,"height":200,"srcset":"https:\/\/i0.wp.com\/climatescience.press\/wp-content\/uploads\/2025\/11\/0AQMClKKThFSPlJEoS3zf2ba7L7SuWO1e0EANJbyHr5afS5reVhj-keUHAJnnbg6C2jjCDaIN49JaoYwpghswIcS6eMvAi41c8tThhnn23QhMRCe432ugr0ZulnioJnWi-1.jpeg?fit=1200%2C742&ssl=1&resize=350%2C200 1x, https:\/\/i0.wp.com\/climatescience.press\/wp-content\/uploads\/2025\/11\/0AQMClKKThFSPlJEoS3zf2ba7L7SuWO1e0EANJbyHr5afS5reVhj-keUHAJnnbg6C2jjCDaIN49JaoYwpghswIcS6eMvAi41c8tThhnn23QhMRCe432ugr0ZulnioJnWi-1.jpeg?fit=1200%2C742&ssl=1&resize=525%2C300 1.5x, https:\/\/i0.wp.com\/climatescience.press\/wp-content\/uploads\/2025\/11\/0AQMClKKThFSPlJEoS3zf2ba7L7SuWO1e0EANJbyHr5afS5reVhj-keUHAJnnbg6C2jjCDaIN49JaoYwpghswIcS6eMvAi41c8tThhnn23QhMRCe432ugr0ZulnioJnWi-1.jpeg?fit=1200%2C742&ssl=1&resize=700%2C400 2x, https:\/\/i0.wp.com\/climatescience.press\/wp-content\/uploads\/2025\/11\/0AQMClKKThFSPlJEoS3zf2ba7L7SuWO1e0EANJbyHr5afS5reVhj-keUHAJnnbg6C2jjCDaIN49JaoYwpghswIcS6eMvAi41c8tThhnn23QhMRCe432ugr0ZulnioJnWi-1.jpeg?fit=1200%2C742&ssl=1&resize=1050%2C600 3x"},"classes":[]},{"id":411988,"url":"https:\/\/climatescience.press\/?p=411988","url_meta":{"origin":412889,"position":5},"title":"Climate, Energy, and the Election\u2014 The Climate Realism Show\u00a0#181","author":"uwe.roland.gross","date":"11\/07\/2025","format":false,"excerpt":"On Episode #181 of The Climate Realism Show, we\u2019ll drill into that. The Heartland Institute\u2019s Jim Lakely, Anthony Watts, Sterling Burnett, and Linnea Lueken will also cover some of the Crazy Climate News of the Week, including giving up your pets to save the climate, whether we should be concerned\u2026","rel":"","context":"In \"\u201cclimate target\u201d\"","block_context":{"text":"\u201cclimate target\u201d","link":"https:\/\/climatescience.press\/?tag=climate-target"},"img":{"alt_text":"","src":"https:\/\/i0.wp.com\/climatescience.press\/wp-content\/uploads\/2025\/11\/00Screenshot-2025-11-07-162717.png?fit=1200%2C668&ssl=1&resize=350%2C200","width":350,"height":200,"srcset":"https:\/\/i0.wp.com\/climatescience.press\/wp-content\/uploads\/2025\/11\/00Screenshot-2025-11-07-162717.png?fit=1200%2C668&ssl=1&resize=350%2C200 1x, https:\/\/i0.wp.com\/climatescience.press\/wp-content\/uploads\/2025\/11\/00Screenshot-2025-11-07-162717.png?fit=1200%2C668&ssl=1&resize=525%2C300 1.5x, https:\/\/i0.wp.com\/climatescience.press\/wp-content\/uploads\/2025\/11\/00Screenshot-2025-11-07-162717.png?fit=1200%2C668&ssl=1&resize=700%2C400 2x, https:\/\/i0.wp.com\/climatescience.press\/wp-content\/uploads\/2025\/11\/00Screenshot-2025-11-07-162717.png?fit=1200%2C668&ssl=1&resize=1050%2C600 3x"},"classes":[]}],"_links":{"self":[{"href":"https:\/\/climatescience.press\/index.php?rest_route=\/wp\/v2\/posts\/412889","targetHints":{"allow":["GET"]}}],"collection":[{"href":"https:\/\/climatescience.press\/index.php?rest_route=\/wp\/v2\/posts"}],"about":[{"href":"https:\/\/climatescience.press\/index.php?rest_route=\/wp\/v2\/types\/post"}],"author":[{"embeddable":true,"href":"https:\/\/climatescience.press\/index.php?rest_route=\/wp\/v2\/users\/121246920"}],"replies":[{"embeddable":true,"href":"https:\/\/climatescience.press\/index.php?rest_route=%2Fwp%2Fv2%2Fcomments&post=412889"}],"version-history":[{"count":7,"href":"https:\/\/climatescience.press\/index.php?rest_route=\/wp\/v2\/posts\/412889\/revisions"}],"predecessor-version":[{"id":412897,"href":"https:\/\/climatescience.press\/index.php?rest_route=\/wp\/v2\/posts\/412889\/revisions\/412897"}],"wp:featuredmedia":[{"embeddable":true,"href":"https:\/\/climatescience.press\/index.php?rest_route=\/wp\/v2\/media\/412895"}],"wp:attachment":[{"href":"https:\/\/climatescience.press\/index.php?rest_route=%2Fwp%2Fv2%2Fmedia&parent=412889"}],"wp:term":[{"taxonomy":"category","embeddable":true,"href":"https:\/\/climatescience.press\/index.php?rest_route=%2Fwp%2Fv2%2Fcategories&post=412889"},{"taxonomy":"post_tag","embeddable":true,"href":"https:\/\/climatescience.press\/index.php?rest_route=%2Fwp%2Fv2%2Ftags&post=412889"}],"curies":[{"name":"wp","href":"https:\/\/api.w.org\/{rel}","templated":true}]}}