{"id":387210,"date":"2025-07-06T21:36:58","date_gmt":"2025-07-06T19:36:58","guid":{"rendered":"https:\/\/climatescience.press\/?p=387210"},"modified":"2025-07-06T21:36:59","modified_gmt":"2025-07-06T19:36:59","slug":"inter-american-court-rules-nations-must-reduce-emissions-and-censor-skeptics","status":"publish","type":"post","link":"https:\/\/climatescience.press\/?p=387210","title":{"rendered":"Inter-American Court Rules Nations Must Reduce Emissions and Censor Skeptics"},"content":{"rendered":"\n<figure class=\"wp-block-image size-large\"><img data-recalc-dims=\"1\" loading=\"lazy\" decoding=\"async\" width=\"723\" height=\"723\" data-attachment-id=\"387213\" data-permalink=\"https:\/\/climatescience.press\/?attachment_id=387213\" data-orig-file=\"https:\/\/i0.wp.com\/climatescience.press\/wp-content\/uploads\/2025\/07\/0AQM0SspDECHjjNqF5UQrL7NonKoWyKhxNrtMZnqDVMBQRa3Wf4WcOHCwJ_kmphwXgEBOlA0_j1kZ-gPAOtMwrrg7rEY1Vejvcd9pxjQwol68gLgpm7EdrlLQheYWYLOr8KbtLRBXl9v6WN3VkU-IlAWR6_zmPA.jpeg?fit=1280%2C1280&amp;ssl=1\" data-orig-size=\"1280,1280\" data-comments-opened=\"1\" data-image-meta=\"{&quot;aperture&quot;:&quot;0&quot;,&quot;credit&quot;:&quot;&quot;,&quot;camera&quot;:&quot;&quot;,&quot;caption&quot;:&quot;&quot;,&quot;created_timestamp&quot;:&quot;0&quot;,&quot;copyright&quot;:&quot;&quot;,&quot;focal_length&quot;:&quot;0&quot;,&quot;iso&quot;:&quot;0&quot;,&quot;shutter_speed&quot;:&quot;0&quot;,&quot;title&quot;:&quot;&quot;,&quot;orientation&quot;:&quot;0&quot;}\" data-image-title=\"0AQM0SspDECHjjNqF5UQrL7NonKoWyKhxNrtMZnqDVMBQRa3Wf4WcOHCwJ_kmphwXgEBOlA0_j1kZ-gPAOtMwrrg7rEY1Vejvcd9pxjQwol68gLgpm7EdrlLQheYWYLOr8KbtLRBXl9v6WN3VkU-IlAWR6_zmPA\" data-image-description=\"\" data-image-caption=\"\" data-large-file=\"https:\/\/i0.wp.com\/climatescience.press\/wp-content\/uploads\/2025\/07\/0AQM0SspDECHjjNqF5UQrL7NonKoWyKhxNrtMZnqDVMBQRa3Wf4WcOHCwJ_kmphwXgEBOlA0_j1kZ-gPAOtMwrrg7rEY1Vejvcd9pxjQwol68gLgpm7EdrlLQheYWYLOr8KbtLRBXl9v6WN3VkU-IlAWR6_zmPA.jpeg?fit=723%2C723&amp;ssl=1\" src=\"https:\/\/i0.wp.com\/climatescience.press\/wp-content\/uploads\/2025\/07\/0AQM0SspDECHjjNqF5UQrL7NonKoWyKhxNrtMZnqDVMBQRa3Wf4WcOHCwJ_kmphwXgEBOlA0_j1kZ-gPAOtMwrrg7rEY1Vejvcd9pxjQwol68gLgpm7EdrlLQheYWYLOr8KbtLRBXl9v6WN3VkU-IlAWR6_zmPA.jpeg?resize=723%2C723&#038;ssl=1\" alt=\"\" class=\"wp-image-387213\" srcset=\"https:\/\/i0.wp.com\/climatescience.press\/wp-content\/uploads\/2025\/07\/0AQM0SspDECHjjNqF5UQrL7NonKoWyKhxNrtMZnqDVMBQRa3Wf4WcOHCwJ_kmphwXgEBOlA0_j1kZ-gPAOtMwrrg7rEY1Vejvcd9pxjQwol68gLgpm7EdrlLQheYWYLOr8KbtLRBXl9v6WN3VkU-IlAWR6_zmPA.jpeg?resize=1024%2C1024&amp;ssl=1 1024w, https:\/\/i0.wp.com\/climatescience.press\/wp-content\/uploads\/2025\/07\/0AQM0SspDECHjjNqF5UQrL7NonKoWyKhxNrtMZnqDVMBQRa3Wf4WcOHCwJ_kmphwXgEBOlA0_j1kZ-gPAOtMwrrg7rEY1Vejvcd9pxjQwol68gLgpm7EdrlLQheYWYLOr8KbtLRBXl9v6WN3VkU-IlAWR6_zmPA.jpeg?resize=300%2C300&amp;ssl=1 300w, https:\/\/i0.wp.com\/climatescience.press\/wp-content\/uploads\/2025\/07\/0AQM0SspDECHjjNqF5UQrL7NonKoWyKhxNrtMZnqDVMBQRa3Wf4WcOHCwJ_kmphwXgEBOlA0_j1kZ-gPAOtMwrrg7rEY1Vejvcd9pxjQwol68gLgpm7EdrlLQheYWYLOr8KbtLRBXl9v6WN3VkU-IlAWR6_zmPA.jpeg?resize=150%2C150&amp;ssl=1 150w, https:\/\/i0.wp.com\/climatescience.press\/wp-content\/uploads\/2025\/07\/0AQM0SspDECHjjNqF5UQrL7NonKoWyKhxNrtMZnqDVMBQRa3Wf4WcOHCwJ_kmphwXgEBOlA0_j1kZ-gPAOtMwrrg7rEY1Vejvcd9pxjQwol68gLgpm7EdrlLQheYWYLOr8KbtLRBXl9v6WN3VkU-IlAWR6_zmPA.jpeg?resize=768%2C768&amp;ssl=1 768w, https:\/\/i0.wp.com\/climatescience.press\/wp-content\/uploads\/2025\/07\/0AQM0SspDECHjjNqF5UQrL7NonKoWyKhxNrtMZnqDVMBQRa3Wf4WcOHCwJ_kmphwXgEBOlA0_j1kZ-gPAOtMwrrg7rEY1Vejvcd9pxjQwol68gLgpm7EdrlLQheYWYLOr8KbtLRBXl9v6WN3VkU-IlAWR6_zmPA.jpeg?resize=1200%2C1200&amp;ssl=1 1200w, https:\/\/i0.wp.com\/climatescience.press\/wp-content\/uploads\/2025\/07\/0AQM0SspDECHjjNqF5UQrL7NonKoWyKhxNrtMZnqDVMBQRa3Wf4WcOHCwJ_kmphwXgEBOlA0_j1kZ-gPAOtMwrrg7rEY1Vejvcd9pxjQwol68gLgpm7EdrlLQheYWYLOr8KbtLRBXl9v6WN3VkU-IlAWR6_zmPA.jpeg?resize=800%2C800&amp;ssl=1 800w, https:\/\/i0.wp.com\/climatescience.press\/wp-content\/uploads\/2025\/07\/0AQM0SspDECHjjNqF5UQrL7NonKoWyKhxNrtMZnqDVMBQRa3Wf4WcOHCwJ_kmphwXgEBOlA0_j1kZ-gPAOtMwrrg7rEY1Vejvcd9pxjQwol68gLgpm7EdrlLQheYWYLOr8KbtLRBXl9v6WN3VkU-IlAWR6_zmPA.jpeg?resize=600%2C600&amp;ssl=1 600w, https:\/\/i0.wp.com\/climatescience.press\/wp-content\/uploads\/2025\/07\/0AQM0SspDECHjjNqF5UQrL7NonKoWyKhxNrtMZnqDVMBQRa3Wf4WcOHCwJ_kmphwXgEBOlA0_j1kZ-gPAOtMwrrg7rEY1Vejvcd9pxjQwol68gLgpm7EdrlLQheYWYLOr8KbtLRBXl9v6WN3VkU-IlAWR6_zmPA.jpeg?resize=400%2C400&amp;ssl=1 400w, https:\/\/i0.wp.com\/climatescience.press\/wp-content\/uploads\/2025\/07\/0AQM0SspDECHjjNqF5UQrL7NonKoWyKhxNrtMZnqDVMBQRa3Wf4WcOHCwJ_kmphwXgEBOlA0_j1kZ-gPAOtMwrrg7rEY1Vejvcd9pxjQwol68gLgpm7EdrlLQheYWYLOr8KbtLRBXl9v6WN3VkU-IlAWR6_zmPA.jpeg?resize=200%2C200&amp;ssl=1 200w, https:\/\/i0.wp.com\/climatescience.press\/wp-content\/uploads\/2025\/07\/0AQM0SspDECHjjNqF5UQrL7NonKoWyKhxNrtMZnqDVMBQRa3Wf4WcOHCwJ_kmphwXgEBOlA0_j1kZ-gPAOtMwrrg7rEY1Vejvcd9pxjQwol68gLgpm7EdrlLQheYWYLOr8KbtLRBXl9v6WN3VkU-IlAWR6_zmPA.jpeg?resize=450%2C450&amp;ssl=1 450w, https:\/\/i0.wp.com\/climatescience.press\/wp-content\/uploads\/2025\/07\/0AQM0SspDECHjjNqF5UQrL7NonKoWyKhxNrtMZnqDVMBQRa3Wf4WcOHCwJ_kmphwXgEBOlA0_j1kZ-gPAOtMwrrg7rEY1Vejvcd9pxjQwol68gLgpm7EdrlLQheYWYLOr8KbtLRBXl9v6WN3VkU-IlAWR6_zmPA.jpeg?resize=60%2C60&amp;ssl=1 60w, https:\/\/i0.wp.com\/climatescience.press\/wp-content\/uploads\/2025\/07\/0AQM0SspDECHjjNqF5UQrL7NonKoWyKhxNrtMZnqDVMBQRa3Wf4WcOHCwJ_kmphwXgEBOlA0_j1kZ-gPAOtMwrrg7rEY1Vejvcd9pxjQwol68gLgpm7EdrlLQheYWYLOr8KbtLRBXl9v6WN3VkU-IlAWR6_zmPA.jpeg?resize=550%2C550&amp;ssl=1 550w, https:\/\/i0.wp.com\/climatescience.press\/wp-content\/uploads\/2025\/07\/0AQM0SspDECHjjNqF5UQrL7NonKoWyKhxNrtMZnqDVMBQRa3Wf4WcOHCwJ_kmphwXgEBOlA0_j1kZ-gPAOtMwrrg7rEY1Vejvcd9pxjQwol68gLgpm7EdrlLQheYWYLOr8KbtLRBXl9v6WN3VkU-IlAWR6_zmPA.jpeg?w=1280&amp;ssl=1 1280w\" sizes=\"auto, (max-width: 723px) 100vw, 723px\" \/><\/figure>\n\n\n\n<p class=\"wp-block-paragraph\"><\/p>\n\n\n\n<p class=\"wp-block-paragraph\">From <a href=\"https:\/\/wattsupwiththat.com\/2025\/07\/04\/inter-american-court-rules-states-must-reduce-emissions-and-censor-skeptics\/\">Watts Up With That?<\/a><\/p>\n\n\n\n<p class=\"wp-block-paragraph\"><strong>Essay by<\/strong> <a href=\"https:\/\/wattsupwiththat.com\/author\/eworrall1\/\">Eric Worrall<\/a><\/p>\n\n\n\n<p class=\"wp-block-paragraph\">An international body which thinks it can dictate climate policy and free speech policy to the United States.<\/p>\n\n\n\n<blockquote class=\"wp-block-quote is-layout-flow wp-block-quote-is-layout-flow\">\n<p class=\"wp-block-paragraph\"><strong>Countries must protect human right to a stable climate, court rules<\/strong><\/p>\n\n\n\n<p class=\"wp-block-paragraph\">Costa Rica-based inter-American court of human rights says states have obligation to respond to climate change<\/p>\n\n\n\n<p class=\"wp-block-paragraph\"><a href=\"https:\/\/www.theguardian.com\/profile\/isabella-kaminski\">Isabella Kaminski<\/a>&nbsp;Fri 4 Jul 2025 07.53 AEST<\/p>\n\n\n\n<p class=\"wp-block-paragraph\">There is a human right to a stable climate and states have a duty to protect it, a top court has ruled.<\/p>\n<\/blockquote>\n\n\n\n<blockquote class=\"wp-block-quote is-layout-flow wp-block-quote-is-layout-flow\">\n<p class=\"wp-block-paragraph\">\u2026<\/p>\n\n\n\n<p class=\"wp-block-paragraph\">In the strongly worded and wide-ranging 300-page document setting out its perspective on the climate emergency and human rights, the court says states have legal obligations to protect people alive today and future generations from the impacts of climate breakdown.&nbsp;<strong>That includes taking \u201curgent and effective\u201d actions to cut greenhouse gas emissions based on the best available science<\/strong>, to adapt, to cooperate internationally,&nbsp;<strong>and to guard against the threat of climate disinformation.<\/strong><\/p>\n\n\n\n<p class=\"wp-block-paragraph\">\u2026<\/p>\n\n\n\n<p class=\"wp-block-paragraph\">The IACHR\u2019s founding purpose is to interpret and apply the American convention on human rights, a treaty ratified by members of the Organization of American States (OAS). But its newly published opinion takes into account a broad range of national, regional and international laws and principles. And&nbsp;<strong>it affirms that the findings not just apply only to signatories of the convention but to all 35 members of the OAS, which includes the US and Canada.<\/strong><\/p>\n\n\n\n<p class=\"wp-block-paragraph\">\u2026<\/p>\n\n\n\n<p class=\"wp-block-paragraph\">The inter-American court of human rights is the second of four top courts to publish an advisory opinion on climate change.<\/p>\n\n\n\n<p class=\"wp-block-paragraph\">The first court to publish its opinion, the international tribunal for the law of the sea, concluded last year that greenhouse gases are pollutants that are wrecking the marine environment, and&nbsp;<a href=\"https:\/\/www.theguardian.com\/environment\/article\/2024\/may\/21\/greenhouse-gases-are-pollutants-that-kill-marine-life-court-rules\">states have a legal responsibility to control them<\/a>.<\/p>\n\n\n\n<p class=\"wp-block-paragraph\">\u2026Read more:\u00a0<\/p>\n\n\n\n<p class=\"wp-block-paragraph\"><a href=\"https:\/\/www.theguardian.com\/environment\/2025\/jul\/03\/countries-must-protect-human-right-to-a-stable-climate-court-rules\" target=\"_blank\" rel=\"noreferrer noopener\">https:\/\/www.theguardian.com\/environment\/2025\/jul\/03\/countries-must-protect-human-right-to-a-stable-climate-court-rules<\/a><\/p>\n<\/blockquote>\n\n\n\n<p class=\"wp-block-paragraph\"><strong>Court judgement links:<br><\/strong><br>Press release:&nbsp;<a href=\"https:\/\/www.corteidh.or.cr\/comunicados_prensa.cfm?lang=en&amp;n=2151\" target=\"_blank\" rel=\"noreferrer noopener\">https:\/\/www.corteidh.or.cr\/comunicados_prensa.cfm?lang=en&amp;n=2151<\/a><br>Consultative opinion page:&nbsp;<a href=\"https:\/\/www.corteidh.or.cr\/tablas\/OC-32-2025\/index-eng.html\" target=\"_blank\" rel=\"noreferrer noopener\">https:\/\/www.corteidh.or.cr\/tablas\/OC-32-2025\/index-eng.html<\/a><br>Consultative opinion (?) \u2013 Spanish, dated 29th May:&nbsp;<a href=\"https:\/\/www.corteidh.or.cr\/docs\/opiniones\/seriea_32_esp.pdf\" target=\"_blank\" rel=\"noreferrer noopener\">https:\/\/www.corteidh.or.cr\/docs\/opiniones\/seriea_32_esp.pdf<\/a><\/p>\n\n\n\n<p class=\"wp-block-paragraph\">There may be a more recent document, please post in comments if you find it.<\/p>\n\n\n\n<p class=\"wp-block-paragraph\">The 29th May consultative opinion I found contains lots of references to \u201cdesinformaci\u00f3n\u201d, including&nbsp;<strong>this apparent call for censorship of dissenting views<\/strong>;<\/p>\n\n\n\n<blockquote class=\"wp-block-quote is-layout-flow wp-block-quote-is-layout-flow\">\n<p class=\"wp-block-paragraph\">529. Finalmente, teniendo en cuenta el papel determinante que desempe\u00f1an en esta<br>materia las empresas, los desarrolladores de tecnolog\u00eda digital, las plataformas<br>tecnol\u00f3gicas, las redes sociales y los medios de comunicaci\u00f3n, la Corte enfatiza la<br>necesidad de que, conforme a lo se\u00f1alado en el Pacto para el Futuro, los Estados<br>colaboren con dichos actores para fortalecer la alfabetizaci\u00f3n medi\u00e1tica e informativa.<br>Esta colaboraci\u00f3n debe orientarse a que las personas usuarias adquieran habilidades<br>y conocimientos que les permitan interactuar de manera cr\u00edtica, segura y consciente<br>con los contenidos digitales. En suma, este Tribunal subraya que el acceso a<br>informaci\u00f3n veraz y confiable en el contexto de la emergencia clim\u00e1tica hace necesario<br>el compromiso conjunto de los Estados y los actores privados para prevenir y<br>contrarrestar la desinformaci\u00f3n.<br><br>GOOGLE Translate:<\/p>\n\n\n\n<p class=\"wp-block-paragraph\">529. Finally, taking into account the determining role they play in this matter companies, digital technology developers, platforms technological technologies, social networks and the media, the Court emphasizes the need that, in accordance with what is indicated in the Pact for the Future, the States collaborate with these actors to strengthen media and information literacy. This collaboration should be aimed at ensuring that users acquire skills and knowledge that allows them to interact critically, safely and consciously with digital content. In short, this Court emphasizes that access to truthful and reliable information\u00a0<strong>in the context of the climate emergency makes it necessary the joint commitment of States and private actors to prevent and counteract misinformation.<\/strong><\/p>\n\n\n\n<p class=\"wp-block-paragraph\">Read more:\u00a0<\/p>\n\n\n\n<p class=\"wp-block-paragraph\"><a href=\"https:\/\/www.corteidh.or.cr\/docs\/opiniones\/seriea_32_esp.pdf\" target=\"_blank\" rel=\"noreferrer noopener\">https:\/\/www.corteidh.or.cr\/docs\/opiniones\/seriea_32_esp.pdf<\/a><\/p>\n<\/blockquote>\n\n\n\n<p class=\"wp-block-paragraph\">The article references a previous agreement by an international body to start charging a carbon tax on all global shipping. The following is the WUWT article on the previous international tribunal for the law of the sea ruling.<\/p>\n\n\n\n<figure class=\"wp-block-embed is-type-wp-embed is-provider-watts-up-with-that wp-block-embed-watts-up-with-that\"><div class=\"wp-block-embed__wrapper\">\n<blockquote class=\"wp-embedded-content\" data-secret=\"pyl5SW0EF5\"><a href=\"https:\/\/wattsupwiththat.com\/2024\/05\/23\/zero-carbon-cargo-ships-international-tribunal-for-the-law-of-the-sea-demands-climate-action\/\">Net Zero Cargo Ships? International Tribunal for the Law of the Sea Demands Climate Action<\/a><\/blockquote><iframe loading=\"lazy\" class=\"wp-embedded-content\" sandbox=\"allow-scripts\" security=\"restricted\" style=\"position: absolute; visibility: hidden;\" title=\"&#8220;Net Zero Cargo Ships? International Tribunal for the Law of the Sea Demands Climate Action&#8221; &#8212; Watts Up With That?\" src=\"https:\/\/wattsupwiththat.com\/2024\/05\/23\/zero-carbon-cargo-ships-international-tribunal-for-the-law-of-the-sea-demands-climate-action\/embed\/#?secret=Mh4dCWtg5N#?secret=pyl5SW0EF5\" data-secret=\"pyl5SW0EF5\" width=\"600\" height=\"338\" frameborder=\"0\" marginwidth=\"0\" marginheight=\"0\" scrolling=\"no\"><\/iframe>\n<\/div><\/figure>\n\n\n\n<p class=\"wp-block-paragraph\">I doubt this nonsense judgement will have any impact on the USA, at least under the current administration. The Trump administration responded in the lead up to the previous ITLOS tribunal judgement (see above) with a threat of retaliation against any nation which tries to impose carbon taxes on US shipping.<\/p>\n\n\n\n<blockquote class=\"wp-block-quote is-layout-flow wp-block-quote-is-layout-flow\">\n<p class=\"wp-block-paragraph\"><strong>Trump tells countries to ax talks on shipping carbon tax, or else<\/strong><\/p>\n\n\n\n<p class=\"wp-block-paragraph\">The attack on the shipping deal is part of a wider U.S. rejection of policies to fight climate change.<\/p>\n\n\n\n<p class=\"wp-block-paragraph\">APRIL 9, 2025&nbsp;10:50 AM CET<\/p>\n\n\n\n<p class=\"wp-block-paragraph\">BY&nbsp;<a href=\"https:\/\/www.politico.eu\/author\/fonie-mitsopoulou\/\">FONIE MITSOPOULOU<\/a><\/p>\n\n\n\n<p class=\"wp-block-paragraph\">LONDON \u2014 The Trump administration has upended what it calls \u201cblatantly unfair\u201d talks to set a carbon tax on international shipping and has vowed \u201creciprocal measures\u201d to shield U.S. ships from any fees, according to a letter seen by POLITICO.<\/p>\n\n\n\n<p class=\"wp-block-paragraph\">\u2026<\/p>\n\n\n\n<p class=\"wp-block-paragraph\">It was circulated to many embassies of the other countries in attendance by the U.S. government. It was seen by POLITICO, having been obtained by an industry group via a national delegation, and was confirmed by other participants in the talks.<\/p>\n\n\n\n<p class=\"wp-block-paragraph\">The letter stated: \u201cPresident Trump has made it clear that the U.S. will not accept any international environmental agreement that unduly or unfairly burdens the U.S. or the interest of the American people.\u201d<\/p>\n\n\n\n<p class=\"wp-block-paragraph\">\u2026Read more:\u00a0<\/p>\n\n\n\n<p class=\"wp-block-paragraph\"><a href=\"https:\/\/www.politico.eu\/article\/donald-trump-scrap-maritime-decarbonization-talks\/\" target=\"_blank\" rel=\"noreferrer noopener\">https:\/\/www.politico.eu\/article\/donald-trump-scrap-maritime-decarbonization-talks\/<\/a><\/p>\n<\/blockquote>\n\n\n\n<p class=\"wp-block-paragraph\">The Trump administration and Vice President Vance have also taken a firm line against attempts by overseas bodies to censor American free speech.<\/p>\n\n\n\n<blockquote class=\"wp-block-quote is-layout-flow wp-block-quote-is-layout-flow\">\n<p class=\"wp-block-paragraph\"><strong>JD Vance says US could drop support for NATO if Europe tries to regulate Elon Musk\u2019s platforms<\/strong><\/p>\n\n\n\n<p class=\"wp-block-paragraph\">Republican vice presidential nominee says \u2018Germans and other nations\u2019 \u2013 not Russia&nbsp;\u2013 would \u2018have to fund Ukraine\u2019s reconstruction\u2019&nbsp;<\/p>\n\n\n\n<p class=\"wp-block-paragraph\"><a href=\"https:\/\/www.independent.co.uk\/author\/gustaf-kilander\">Gustaf Kilander<\/a><br>Washington DC<br>Tuesday 17 September 2024 22:39 BST<\/p>\n\n\n\n<p class=\"wp-block-paragraph\"><a href=\"https:\/\/www.independent.co.uk\/topic\/jd-vance\">JD Vance<\/a>&nbsp;has suggested that American support for&nbsp;<a href=\"https:\/\/www.independent.co.uk\/topic\/nato\">NATO<\/a>&nbsp;should be predicated on the&nbsp;<a href=\"https:\/\/www.independent.co.uk\/topic\/european-union\">European Union<\/a>&nbsp;not regulating&nbsp;<a href=\"https:\/\/www.independent.co.uk\/topic\/elon-musk\">Elon Musk<\/a>&nbsp;and his<a href=\"https:\/\/www.independent.co.uk\/voices\/elon-musk-twitter-trump-assassination-b2614232.html\">&nbsp;X social media platform, formerly known as Twitter.<\/a><\/p>\n\n\n\n<p class=\"wp-block-paragraph\"><a href=\"https:\/\/www.independent.co.uk\/news\/world\/americas\/us-politics\/jd-vance-ivf-vote-trump-tips-b2614460.html\">The Republican vice presidential nominee and Ohio senator<\/a>&nbsp;claimed in an interview with YouTuber Shawn Ryan that a top EU official had threatened to arrest the billionaire if he allowed former President&nbsp;<a href=\"https:\/\/www.independent.co.uk\/topic\/donald-trump\">Donald Trump<\/a>&nbsp;back on X.&nbsp;<\/p>\n\n\n\n<p class=\"wp-block-paragraph\"><a href=\"https:\/\/www.independent.co.uk\/news\/world\/americas\/us-politics\/jd-vance-trump-rhetoric-migrants-b2614353.html\">\u201cThe leader, I forget exactly which official it was within the European Union,<\/a>&nbsp;but sent Elon this threatening letter that basically said, \u2018We\u2019re going to arrest you if you platform Donald Trump,\u2019 who, by the way, is the likely next president of the United States,\u201d Vance said in the interview published last week.<\/p>\n\n\n\n<p class=\"wp-block-paragraph\">\u2026Read more:&nbsp;<a href=\"https:\/\/www.independent.co.uk\/news\/world\/americas\/us-politics\/jd-vance-elon-musk-x-twitter-donald-trump-b2614525.html\" target=\"_blank\" rel=\"noreferrer noopener\">https:\/\/www.independent.co.uk\/news\/world\/americas\/us-politics\/jd-vance-elon-musk-x-twitter-donald-trump-b2614525.html<\/a><\/p>\n<\/blockquote>\n\n\n\n<p class=\"wp-block-paragraph\">I\u2019m guessing any nation which attempts to use this absurd judgement as an excuse to loot US companies or punish US social media companies will face a similarly vigorous response from the Trump Administration.<\/p>\n\n\n\n<p class=\"wp-block-paragraph\">It is unfortunate the court consultative opinion only appears to be available in Spanish. If any fluent Spanish speakers have time to wade through 234 pages of legalise, or can find more recent documents, please post any other interesting clauses in&nbsp;<a href=\"https:\/\/www.corteidh.or.cr\/docs\/opiniones\/seriea_32_esp.pdf\" target=\"_blank\" rel=\"noreferrer noopener\">the court ruling<\/a>&nbsp;in comments. This would be a useful exercise even if an English version of the ruling is made available, sometimes different language versions of documents contain substantial discrepancies.<\/p>\n\n\n\n<p class=\"wp-block-paragraph\"><\/p>\n","protected":false},"excerpt":{"rendered":"<p>An international body which thinks it can dictate climate policy and free speech policy to the United States.<\/p>\n","protected":false},"author":121246920,"featured_media":387214,"comment_status":"open","ping_status":"open","sticky":false,"template":"","format":"standard","meta":{"_coblocks_attr":"","_coblocks_dimensions":"","_coblocks_responsive_height":"","_coblocks_accordion_ie_support":"","_crdt_document":"","advanced_seo_description":"","jetpack_seo_html_title":"","jetpack_seo_noindex":false,"_jetpack_newsletter_access":"","_jetpack_dont_email_post_to_subs":false,"_jetpack_newsletter_tier_id":0,"_jetpack_memberships_contains_paywalled_content":false,"_jetpack_memberships_contains_paid_content":false,"footnotes":"","jetpack_publicize_message":"","jetpack_publicize_feature_enabled":true,"jetpack_social_post_already_shared":true,"jetpack_social_options":{"image_generator_settings":{"template":"highway","default_image_id":0,"font":"","enabled":false},"version":2},"jetpack_post_was_ever_published":false},"categories":[1],"tags":[691820184,691818951,691818056,691825130,691818152,691829604,691822415,691836344,691836357,691818262],"class_list":{"0":"post-387210","1":"post","2":"type-post","3":"status-publish","4":"format-standard","5":"has-post-thumbnail","6":"hentry","7":"category-uncategorized","8":"tag-carbon-tax","9":"tag-censorship","10":"tag-climate-change","11":"tag-climate-disinformation","12":"tag-climate-emergency","13":"tag-climate-lawsuits","14":"tag-costa-rica","15":"tag-inter-american-court-of-human-rights-iachr","16":"tag-organization-of-american-states-oas","17":"tag-the-guardian","19":"fallback-thumbnail"},"jetpack_publicize_connections":[],"jetpack_featured_media_url":"https:\/\/i0.wp.com\/climatescience.press\/wp-content\/uploads\/2025\/07\/0AQNksVFnnWF0P4nUeScTKmu4XnUMLdCpT5Bg0lQx2RdkXuHV9HNO4IdooIvMdZ1HMgoi_pzWxZa-D1tNfKkrqcL5AoshIizrtpo614uaFyLUYZ-OgFEEbm_wla6wWO-ZijzVlnVNnZoPSraqa_nN4k8x3yRBUw.jpeg?fit=1280%2C1280&ssl=1","jetpack_likes_enabled":true,"jetpack_sharing_enabled":true,"jetpack_shortlink":"https:\/\/wp.me\/paxLW1-1CJk","jetpack-related-posts":[{"id":243874,"url":"https:\/\/climatescience.press\/?p=243874","url_meta":{"origin":387210,"position":0},"title":"SCOTUS and Climate Free Speech","author":"uwe.roland.gross","date":"08\/02\/2023","format":false,"excerpt":"Courts\u00a0are increasingly taking a close\u00a0look at the validity of climate change lawsuits\u00a0against oil producers.","rel":"","context":"Similar post","block_context":{"text":"Similar post","link":""},"img":{"alt_text":"","src":"https:\/\/i0.wp.com\/climatescience.press\/wp-content\/uploads\/2023\/02\/image-342.png?fit=1200%2C800&ssl=1&resize=350%2C200","width":350,"height":200,"srcset":"https:\/\/i0.wp.com\/climatescience.press\/wp-content\/uploads\/2023\/02\/image-342.png?fit=1200%2C800&ssl=1&resize=350%2C200 1x, https:\/\/i0.wp.com\/climatescience.press\/wp-content\/uploads\/2023\/02\/image-342.png?fit=1200%2C800&ssl=1&resize=525%2C300 1.5x, https:\/\/i0.wp.com\/climatescience.press\/wp-content\/uploads\/2023\/02\/image-342.png?fit=1200%2C800&ssl=1&resize=700%2C400 2x, https:\/\/i0.wp.com\/climatescience.press\/wp-content\/uploads\/2023\/02\/image-342.png?fit=1200%2C800&ssl=1&resize=1050%2C600 3x"},"classes":[]},{"id":205020,"url":"https:\/\/climatescience.press\/?p=205020","url_meta":{"origin":387210,"position":1},"title":"The Court Ruling which could Outlaw Climate Skepticism","author":"uwe.roland.gross","date":"20\/06\/2022","format":false,"excerpt":"Essay by Eric Worrall Vanuatu has urged Australia to join its push to have the United Nations International Court of Justice rule that states are \u201cobliged to use all the means at its disposal in order to avoid activities\u201d which lead to more CO2 emissions. Vanuatu calls on Australia to\u2026","rel":"","context":"Similar post","block_context":{"text":"Similar post","link":""},"img":{"alt_text":"","src":"https:\/\/i0.wp.com\/climatescience.press\/wp-content\/uploads\/2022\/06\/0green_gavel.webp?fit=800%2C533&ssl=1&resize=350%2C200","width":350,"height":200,"srcset":"https:\/\/i0.wp.com\/climatescience.press\/wp-content\/uploads\/2022\/06\/0green_gavel.webp?fit=800%2C533&ssl=1&resize=350%2C200 1x, https:\/\/i0.wp.com\/climatescience.press\/wp-content\/uploads\/2022\/06\/0green_gavel.webp?fit=800%2C533&ssl=1&resize=525%2C300 1.5x, https:\/\/i0.wp.com\/climatescience.press\/wp-content\/uploads\/2022\/06\/0green_gavel.webp?fit=800%2C533&ssl=1&resize=700%2C400 2x"},"classes":[]},{"id":421600,"url":"https:\/\/climatescience.press\/?p=421600","url_meta":{"origin":387210,"position":2},"title":"Rejecting Climatism: Trump Withdraws from UNFCCC and 66 International Organizations","author":"uwe.roland.gross","date":"16\/01\/2026","format":false,"excerpt":"The Trump administration has issued an\u00a0executive order\u00a0that withdraws the United States from the United Nations Framework Convention on Climate Change (UNFCCC) and other international bodies. The order pulls the US back from organizations pursuing climate policies and other efforts that the administration does not consider to be in the national\u2026","rel":"","context":"In \"Climate change\"","block_context":{"text":"Climate change","link":"https:\/\/climatescience.press\/?tag=climate-change"},"img":{"alt_text":"","src":"https:\/\/i0.wp.com\/climatescience.press\/wp-content\/uploads\/2026\/01\/0AQOWgtMCM3wlngsLE4QNXOXJ-XCJHicDhT4qU7F51ZKS-4q6wZuwjm8QJ_0c518N6wvycSL8nxAv3m19TN1aFNJGVbFbjAqtpvICa3zXBFf0u_ScldC2m2Qc-LkSRw-Y-1.jpeg?fit=1159%2C747&ssl=1&resize=350%2C200","width":350,"height":200,"srcset":"https:\/\/i0.wp.com\/climatescience.press\/wp-content\/uploads\/2026\/01\/0AQOWgtMCM3wlngsLE4QNXOXJ-XCJHicDhT4qU7F51ZKS-4q6wZuwjm8QJ_0c518N6wvycSL8nxAv3m19TN1aFNJGVbFbjAqtpvICa3zXBFf0u_ScldC2m2Qc-LkSRw-Y-1.jpeg?fit=1159%2C747&ssl=1&resize=350%2C200 1x, https:\/\/i0.wp.com\/climatescience.press\/wp-content\/uploads\/2026\/01\/0AQOWgtMCM3wlngsLE4QNXOXJ-XCJHicDhT4qU7F51ZKS-4q6wZuwjm8QJ_0c518N6wvycSL8nxAv3m19TN1aFNJGVbFbjAqtpvICa3zXBFf0u_ScldC2m2Qc-LkSRw-Y-1.jpeg?fit=1159%2C747&ssl=1&resize=525%2C300 1.5x, https:\/\/i0.wp.com\/climatescience.press\/wp-content\/uploads\/2026\/01\/0AQOWgtMCM3wlngsLE4QNXOXJ-XCJHicDhT4qU7F51ZKS-4q6wZuwjm8QJ_0c518N6wvycSL8nxAv3m19TN1aFNJGVbFbjAqtpvICa3zXBFf0u_ScldC2m2Qc-LkSRw-Y-1.jpeg?fit=1159%2C747&ssl=1&resize=700%2C400 2x, https:\/\/i0.wp.com\/climatescience.press\/wp-content\/uploads\/2026\/01\/0AQOWgtMCM3wlngsLE4QNXOXJ-XCJHicDhT4qU7F51ZKS-4q6wZuwjm8QJ_0c518N6wvycSL8nxAv3m19TN1aFNJGVbFbjAqtpvICa3zXBFf0u_ScldC2m2Qc-LkSRw-Y-1.jpeg?fit=1159%2C747&ssl=1&resize=1050%2C600 3x"},"classes":[]},{"id":407770,"url":"https:\/\/climatescience.press\/?p=407770","url_meta":{"origin":387210,"position":3},"title":"Climate Lawfare Circus\u00a0Update","author":"uwe.roland.gross","date":"12\/10\/2025","format":false,"excerpt":"In 2025, climate activists experienced several major litigation defeats in the United States, especially in their attempts to challenge President Trump\u2019s climate and energy policies at the federal level and to anchor climate protection as a constitutional right.","rel":"","context":"In \"climate activists\"","block_context":{"text":"climate activists","link":"https:\/\/climatescience.press\/?tag=climate-activists"},"img":{"alt_text":"","src":"https:\/\/i0.wp.com\/climatescience.press\/wp-content\/uploads\/2025\/10\/0AQOr5-QZ2RnwGNlbJ-NXSZvWsOa_i1XEtmIyPqKTyjtQgVdoVVCoz0kQw1xaUPdf7iHHyT2m4t4Egvk9ukunDK96HP0XX4Xhq6UITnP3FiqQL7iTMWphRnBmJS9AOLiS-1.jpeg?fit=1200%2C661&ssl=1&resize=350%2C200","width":350,"height":200,"srcset":"https:\/\/i0.wp.com\/climatescience.press\/wp-content\/uploads\/2025\/10\/0AQOr5-QZ2RnwGNlbJ-NXSZvWsOa_i1XEtmIyPqKTyjtQgVdoVVCoz0kQw1xaUPdf7iHHyT2m4t4Egvk9ukunDK96HP0XX4Xhq6UITnP3FiqQL7iTMWphRnBmJS9AOLiS-1.jpeg?fit=1200%2C661&ssl=1&resize=350%2C200 1x, https:\/\/i0.wp.com\/climatescience.press\/wp-content\/uploads\/2025\/10\/0AQOr5-QZ2RnwGNlbJ-NXSZvWsOa_i1XEtmIyPqKTyjtQgVdoVVCoz0kQw1xaUPdf7iHHyT2m4t4Egvk9ukunDK96HP0XX4Xhq6UITnP3FiqQL7iTMWphRnBmJS9AOLiS-1.jpeg?fit=1200%2C661&ssl=1&resize=525%2C300 1.5x, https:\/\/i0.wp.com\/climatescience.press\/wp-content\/uploads\/2025\/10\/0AQOr5-QZ2RnwGNlbJ-NXSZvWsOa_i1XEtmIyPqKTyjtQgVdoVVCoz0kQw1xaUPdf7iHHyT2m4t4Egvk9ukunDK96HP0XX4Xhq6UITnP3FiqQL7iTMWphRnBmJS9AOLiS-1.jpeg?fit=1200%2C661&ssl=1&resize=700%2C400 2x, https:\/\/i0.wp.com\/climatescience.press\/wp-content\/uploads\/2025\/10\/0AQOr5-QZ2RnwGNlbJ-NXSZvWsOa_i1XEtmIyPqKTyjtQgVdoVVCoz0kQw1xaUPdf7iHHyT2m4t4Egvk9ukunDK96HP0XX4Xhq6UITnP3FiqQL7iTMWphRnBmJS9AOLiS-1.jpeg?fit=1200%2C661&ssl=1&resize=1050%2C600 3x"},"classes":[]},{"id":221808,"url":"https:\/\/climatescience.press\/?p=221808","url_meta":{"origin":387210,"position":4},"title":"untitled","author":"uwe.roland.gross","date":"02\/10\/2022","format":false,"excerpt":"At the end of the day, it is likely not a question of if the Supreme Court will hear these cases, but when.","rel":"","context":"Similar post","block_context":{"text":"Similar post","link":""},"img":{"alt_text":"","src":"https:\/\/i0.wp.com\/climatescience.press\/wp-content\/uploads\/2022\/10\/image-71.png?fit=1200%2C675&ssl=1&resize=350%2C200","width":350,"height":200,"srcset":"https:\/\/i0.wp.com\/climatescience.press\/wp-content\/uploads\/2022\/10\/image-71.png?fit=1200%2C675&ssl=1&resize=350%2C200 1x, https:\/\/i0.wp.com\/climatescience.press\/wp-content\/uploads\/2022\/10\/image-71.png?fit=1200%2C675&ssl=1&resize=525%2C300 1.5x, https:\/\/i0.wp.com\/climatescience.press\/wp-content\/uploads\/2022\/10\/image-71.png?fit=1200%2C675&ssl=1&resize=700%2C400 2x, https:\/\/i0.wp.com\/climatescience.press\/wp-content\/uploads\/2022\/10\/image-71.png?fit=1200%2C675&ssl=1&resize=1050%2C600 3x"},"classes":[]},{"id":437531,"url":"https:\/\/climatescience.press\/?p=437531","url_meta":{"origin":387210,"position":5},"title":"Environmentalists are fighting our living standards in court","author":"uwe.roland.gross","date":"06\/04\/2026","format":false,"excerpt":"Environmental groups and climate-obsessed local governments are waging aggressive climate lawfare across America \u2014 using lawsuits to bypass Congress, the U.N.\u2019s stalled global schemes, Trump administration policies, and Supreme Court rulings. They are determined to impose their anti-fossil-fuel agenda on the rest of us and hammer our living standards.","rel":"","context":"In \"\u201cexistential threat\u201d\"","block_context":{"text":"\u201cexistential threat\u201d","link":"https:\/\/climatescience.press\/?tag=existential-threat-2"},"img":{"alt_text":"","src":"https:\/\/i0.wp.com\/climatescience.press\/wp-content\/uploads\/2026\/04\/AQM0SspDECHjjNqF5UQrL7NonKoWyKhxNrtMZnqDVMBQRa3Wf4WcOHCwJ_kmphwXgEBOlA0_j1kZ-gPAOtMwrrg7rEY1Vejvcd9pxjQwol68gLgpm7EdrlLQheYWYLOr8KbtLRBXl9v6WN3VkU-IlAWR6_zmPA.jpeg?fit=1200%2C1200&ssl=1&resize=350%2C200","width":350,"height":200,"srcset":"https:\/\/i0.wp.com\/climatescience.press\/wp-content\/uploads\/2026\/04\/AQM0SspDECHjjNqF5UQrL7NonKoWyKhxNrtMZnqDVMBQRa3Wf4WcOHCwJ_kmphwXgEBOlA0_j1kZ-gPAOtMwrrg7rEY1Vejvcd9pxjQwol68gLgpm7EdrlLQheYWYLOr8KbtLRBXl9v6WN3VkU-IlAWR6_zmPA.jpeg?fit=1200%2C1200&ssl=1&resize=350%2C200 1x, https:\/\/i0.wp.com\/climatescience.press\/wp-content\/uploads\/2026\/04\/AQM0SspDECHjjNqF5UQrL7NonKoWyKhxNrtMZnqDVMBQRa3Wf4WcOHCwJ_kmphwXgEBOlA0_j1kZ-gPAOtMwrrg7rEY1Vejvcd9pxjQwol68gLgpm7EdrlLQheYWYLOr8KbtLRBXl9v6WN3VkU-IlAWR6_zmPA.jpeg?fit=1200%2C1200&ssl=1&resize=525%2C300 1.5x, https:\/\/i0.wp.com\/climatescience.press\/wp-content\/uploads\/2026\/04\/AQM0SspDECHjjNqF5UQrL7NonKoWyKhxNrtMZnqDVMBQRa3Wf4WcOHCwJ_kmphwXgEBOlA0_j1kZ-gPAOtMwrrg7rEY1Vejvcd9pxjQwol68gLgpm7EdrlLQheYWYLOr8KbtLRBXl9v6WN3VkU-IlAWR6_zmPA.jpeg?fit=1200%2C1200&ssl=1&resize=700%2C400 2x, https:\/\/i0.wp.com\/climatescience.press\/wp-content\/uploads\/2026\/04\/AQM0SspDECHjjNqF5UQrL7NonKoWyKhxNrtMZnqDVMBQRa3Wf4WcOHCwJ_kmphwXgEBOlA0_j1kZ-gPAOtMwrrg7rEY1Vejvcd9pxjQwol68gLgpm7EdrlLQheYWYLOr8KbtLRBXl9v6WN3VkU-IlAWR6_zmPA.jpeg?fit=1200%2C1200&ssl=1&resize=1050%2C600 3x"},"classes":[]}],"_links":{"self":[{"href":"https:\/\/climatescience.press\/index.php?rest_route=\/wp\/v2\/posts\/387210","targetHints":{"allow":["GET"]}}],"collection":[{"href":"https:\/\/climatescience.press\/index.php?rest_route=\/wp\/v2\/posts"}],"about":[{"href":"https:\/\/climatescience.press\/index.php?rest_route=\/wp\/v2\/types\/post"}],"author":[{"embeddable":true,"href":"https:\/\/climatescience.press\/index.php?rest_route=\/wp\/v2\/users\/121246920"}],"replies":[{"embeddable":true,"href":"https:\/\/climatescience.press\/index.php?rest_route=%2Fwp%2Fv2%2Fcomments&post=387210"}],"version-history":[{"count":4,"href":"https:\/\/climatescience.press\/index.php?rest_route=\/wp\/v2\/posts\/387210\/revisions"}],"predecessor-version":[{"id":387216,"href":"https:\/\/climatescience.press\/index.php?rest_route=\/wp\/v2\/posts\/387210\/revisions\/387216"}],"wp:featuredmedia":[{"embeddable":true,"href":"https:\/\/climatescience.press\/index.php?rest_route=\/wp\/v2\/media\/387214"}],"wp:attachment":[{"href":"https:\/\/climatescience.press\/index.php?rest_route=%2Fwp%2Fv2%2Fmedia&parent=387210"}],"wp:term":[{"taxonomy":"category","embeddable":true,"href":"https:\/\/climatescience.press\/index.php?rest_route=%2Fwp%2Fv2%2Fcategories&post=387210"},{"taxonomy":"post_tag","embeddable":true,"href":"https:\/\/climatescience.press\/index.php?rest_route=%2Fwp%2Fv2%2Ftags&post=387210"}],"curies":[{"name":"wp","href":"https:\/\/api.w.org\/{rel}","templated":true}]}}