{"id":296186,"date":"2024-01-17T12:13:58","date_gmt":"2024-01-17T11:13:58","guid":{"rendered":"https:\/\/climatescience.press\/?p=296186"},"modified":"2024-01-17T12:14:01","modified_gmt":"2024-01-17T11:14:01","slug":"the-green-economic-miracle-is-a-bloodbath-for-germanys-economy","status":"publish","type":"post","link":"https:\/\/climatescience.press\/?p=296186","title":{"rendered":"The green economic miracle is a bloodbath for Germany&#8217;s economy"},"content":{"rendered":"\n<figure class=\"wp-block-image size-large\"><img data-recalc-dims=\"1\" loading=\"lazy\" decoding=\"async\" width=\"723\" height=\"407\" data-attachment-id=\"296197\" data-permalink=\"https:\/\/climatescience.press\/?attachment_id=296197\" data-orig-file=\"https:\/\/i0.wp.com\/climatescience.press\/wp-content\/uploads\/2024\/01\/Recession-in-Germany.jpg?fit=1280%2C720&amp;ssl=1\" data-orig-size=\"1280,720\" data-comments-opened=\"1\" data-image-meta=\"{&quot;aperture&quot;:&quot;0&quot;,&quot;credit&quot;:&quot;&quot;,&quot;camera&quot;:&quot;&quot;,&quot;caption&quot;:&quot;&quot;,&quot;created_timestamp&quot;:&quot;0&quot;,&quot;copyright&quot;:&quot;&quot;,&quot;focal_length&quot;:&quot;0&quot;,&quot;iso&quot;:&quot;0&quot;,&quot;shutter_speed&quot;:&quot;0&quot;,&quot;title&quot;:&quot;&quot;,&quot;orientation&quot;:&quot;0&quot;}\" data-image-title=\"Recession-in-Germany\" data-image-description=\"\" data-image-caption=\"\" data-large-file=\"https:\/\/i0.wp.com\/climatescience.press\/wp-content\/uploads\/2024\/01\/Recession-in-Germany.jpg?fit=723%2C407&amp;ssl=1\" src=\"https:\/\/i0.wp.com\/climatescience.press\/wp-content\/uploads\/2024\/01\/Recession-in-Germany.jpg?resize=723%2C407&#038;ssl=1\" alt=\"\" class=\"wp-image-296197\" srcset=\"https:\/\/i0.wp.com\/climatescience.press\/wp-content\/uploads\/2024\/01\/Recession-in-Germany.jpg?resize=1024%2C576&amp;ssl=1 1024w, https:\/\/i0.wp.com\/climatescience.press\/wp-content\/uploads\/2024\/01\/Recession-in-Germany.jpg?resize=300%2C169&amp;ssl=1 300w, https:\/\/i0.wp.com\/climatescience.press\/wp-content\/uploads\/2024\/01\/Recession-in-Germany.jpg?resize=768%2C432&amp;ssl=1 768w, https:\/\/i0.wp.com\/climatescience.press\/wp-content\/uploads\/2024\/01\/Recession-in-Germany.jpg?resize=1200%2C675&amp;ssl=1 1200w, https:\/\/i0.wp.com\/climatescience.press\/wp-content\/uploads\/2024\/01\/Recession-in-Germany.jpg?w=1280&amp;ssl=1 1280w\" sizes=\"auto, (max-width: 723px) 100vw, 723px\" \/><\/figure>\n\n\n\n<p class=\"wp-block-paragraph\"><\/p>\n\n\n\n<p class=\"wp-block-paragraph\"><strong><em>The recession in Germany is here. And the mix of negative factors does not promise a rosy outlook.<\/em><\/strong><\/p>\n\n\n\n<p class=\"wp-block-paragraph\"><a href=\"https:\/\/blackout-news.de\/aktuelles\/das-gruene-wirtschaftswunder-bleibt-aus-deutschland-wirtschaft-stuerzt-immer-weiter-ab\/\">Blackout News<\/a> reports: Germany is currently in recession and the economic outlook is far from positive. The economic upswing through the green transformation, which German Chancellor Olaf Scholz had promised, is likely to fail to materialise in 2024 either. The <a href=\"https:\/\/blackout-news.de\/aktuelles\/das-gruene-wirtschaftswunder-bleibt-aus-deutschland-wirtschaft-stuerzt-immer-weiter-ab\/\">Blackout News<\/a> has the story.<\/p>\n\n\n\n<figure class=\"wp-block-image size-full\"><img data-recalc-dims=\"1\" loading=\"lazy\" decoding=\"async\" width=\"723\" height=\"515\" data-attachment-id=\"296189\" data-permalink=\"https:\/\/climatescience.press\/?attachment_id=296189\" data-orig-file=\"https:\/\/i0.wp.com\/climatescience.press\/wp-content\/uploads\/2024\/01\/0xFinanzkrise-110124-1024x730.jpg.pagespeed.ic_.K5RTxnsMpG.jpeg?fit=1024%2C730&amp;ssl=1\" data-orig-size=\"1024,730\" data-comments-opened=\"1\" data-image-meta=\"{&quot;aperture&quot;:&quot;0&quot;,&quot;credit&quot;:&quot;&quot;,&quot;camera&quot;:&quot;&quot;,&quot;caption&quot;:&quot;&quot;,&quot;created_timestamp&quot;:&quot;0&quot;,&quot;copyright&quot;:&quot;&quot;,&quot;focal_length&quot;:&quot;0&quot;,&quot;iso&quot;:&quot;0&quot;,&quot;shutter_speed&quot;:&quot;0&quot;,&quot;title&quot;:&quot;&quot;,&quot;orientation&quot;:&quot;0&quot;}\" data-image-title=\"0xFinanzkrise-110124-1024&amp;#215;730.jpg.pagespeed.ic_.K5RTxnsMpG\" data-image-description=\"\" data-image-caption=\"\" data-large-file=\"https:\/\/i0.wp.com\/climatescience.press\/wp-content\/uploads\/2024\/01\/0xFinanzkrise-110124-1024x730.jpg.pagespeed.ic_.K5RTxnsMpG.jpeg?fit=723%2C515&amp;ssl=1\" src=\"https:\/\/i0.wp.com\/climatescience.press\/wp-content\/uploads\/2024\/01\/0xFinanzkrise-110124-1024x730.jpg.pagespeed.ic_.K5RTxnsMpG.jpeg?resize=723%2C515&#038;ssl=1\" alt=\"\" class=\"wp-image-296189\" srcset=\"https:\/\/i0.wp.com\/climatescience.press\/wp-content\/uploads\/2024\/01\/0xFinanzkrise-110124-1024x730.jpg.pagespeed.ic_.K5RTxnsMpG.jpeg?w=1024&amp;ssl=1 1024w, https:\/\/i0.wp.com\/climatescience.press\/wp-content\/uploads\/2024\/01\/0xFinanzkrise-110124-1024x730.jpg.pagespeed.ic_.K5RTxnsMpG.jpeg?resize=300%2C214&amp;ssl=1 300w, https:\/\/i0.wp.com\/climatescience.press\/wp-content\/uploads\/2024\/01\/0xFinanzkrise-110124-1024x730.jpg.pagespeed.ic_.K5RTxnsMpG.jpeg?resize=768%2C548&amp;ssl=1 768w\" sizes=\"auto, (max-width: 723px) 100vw, 723px\" \/><\/figure>\n\n\n\n<p class=\"wp-block-paragraph\">The Chancellor&#8217;s promise falls more into the category of &#8220;wishing for success&#8221;, because according to the ruling of the Constitutional Court, the state has no money to strengthen the economy in the long term. The government blames the CDU, which had filed a lawsuit against the unconstitutional budget. But with or without subsidies, the ongoing economic downturn continues to pick up speed and there are many reasons for this (<a href=\"https:\/\/finanzmarktwelt.de\/rezession-in-deutschland-sehenden-auges-in-das-neue-wirtschaftswunder-297239\/\">financial market world: 09.01.24<\/a>).<\/p>\n\n\n\n<blockquote class=\"wp-block-quote is-layout-flow wp-block-quote-is-layout-flow\">\n<p class=\"wp-block-paragraph\">The green transformation is triggering an economic miracle, as German Chancellor Olaf Scholz\u00a0<a href=\"https:\/\/www.faz.net\/aktuell\/wirtschaft\/olaf-scholz-wirtschaftswunder-durch-gruene-transformation-18896406.html\" target=\"_blank\" rel=\"noreferrer noopener\">said<\/a>\u00a0last year. Did he really believe that? Now the Greens around Robert Habeck in particular can point out that they want to, but that the evil CDU has torpedoed the green transformation with their lawsuit in Karlsruhe. But regardless of whether or not climate investments are made by government funds, the recession in Germany is rolling in.<\/p>\n<\/blockquote>\n\n\n\n<h2 class=\"wp-block-heading\" id=\"h-deutschland-in-der-rezession-industrieproduktion-und-auftragseingange-im-freien-fall\">Germany in recession: industrial production and new orders in free fall<\/h2>\n\n\n\n<p class=\"wp-block-paragraph\">The data speak for themselves: new orders and industrial production are declining. In November last year, industrial production recorded a frightening 4.8% year-on-year decline. The last time this level was reached was in July 2020, when the corona crisis was at its peak. This is a worrying sign for the German economy.<\/p>\n\n\n\n<p class=\"wp-block-paragraph\">One of the factors exacerbating this recession is high energy prices. They cause companies to move their business abroad or even temporarily shut down their production facilities. This process is referred to by some as deindustrialization, as it indicates the decline in industrial activity in Germany.<\/p>\n\n\n\n<p class=\"wp-block-paragraph\">However, the current economic situation in Germany is not due to just one factor. There are a variety of problems that have a negative impact. These include rising inflation, which is weighing on the retail sector, as well as uncertainty and protests due to austerity measures due to the debt brake.<\/p>\n\n\n\n<h2 class=\"wp-block-heading\" id=\"h-deutschland-in-der-rezession-bahnstreiks-und-strukturelle-probleme-belasten-die-wirtschaft\">Germany in recession: rail strikes and structural problems weigh on the economy<\/h2>\n\n\n\n<p class=\"wp-block-paragraph\">Another problem driving the recession is the planned rail strikes. These could have a significant impact on rail transport and exacerbate supply chain problems. The costs for German companies could be significant, especially if production is affected due to a shortage of raw materials.<\/p>\n\n\n\n<p class=\"wp-block-paragraph\">The forecasts for the German economy are not very encouraging. Although the Bundesbank expects growth of 0.4% in 2024, many economists are sceptical. Some are predicting a recession with gross domestic product (GDP) contracting by 0.3% in 2023. This would set Germany back to 2019 levels and mean a lost half a decade.<\/p>\n\n\n\n<p class=\"wp-block-paragraph\">There are also structural problems that weigh on the German economy. These include high bureaucracy, high taxes and rising energy costs. These factors lead companies to look for alternatives abroad, where they can find less regulation and more favorable conditions.<\/p>\n\n\n\n<hr class=\"wp-block-separator has-alpha-channel-opacity\"\/>\n\n\n\n<figure class=\"wp-block-embed is-type-rich is-provider-twitter wp-block-embed-twitter\"><div class=\"wp-block-embed__wrapper\">\n<blockquote class=\"twitter-tweet\" data-width=\"550\" data-dnt=\"true\"><p lang=\"en\" dir=\"ltr\">German industry stands out in the weakness, being the worst performer in the EU. Denmark&#39;s industry is pulled single-handedly by the pharma sector (miracle weight-loss drugs) and Poland is simply&#8230; Poland \ud83d\ude80 <a href=\"https:\/\/t.co\/35hnrw56hI\">https:\/\/t.co\/35hnrw56hI<\/a> <a href=\"https:\/\/t.co\/g68pUMt6Kd\">pic.twitter.com\/g68pUMt6Kd<\/a><\/p>&mdash; Daniel Kral (@DanielKral1) <a href=\"https:\/\/twitter.com\/DanielKral1\/status\/1744662714813678071?ref_src=twsrc%5Etfw\">January 9, 2024<\/a><\/blockquote><script async src=\"https:\/\/platform.twitter.com\/widgets.js\" charset=\"utf-8\"><\/script>\n<\/div><\/figure>\n\n\n\n<figure class=\"wp-block-embed is-type-rich is-provider-twitter wp-block-embed-twitter\"><div class=\"wp-block-embed__wrapper\">\n<blockquote class=\"twitter-tweet\" data-width=\"550\" data-dnt=\"true\"><p lang=\"en\" dir=\"ltr\">Germany&#39;s industry continued its broad-based decline in November with output now almost 15% below its pre-pandemic peak (more than \u20ac100bln in lost output in real terms). And now interest-rate sensitive construction is falling off a cliff, too. <a href=\"https:\/\/t.co\/C9swWed1YO\">https:\/\/t.co\/C9swWed1YO<\/a> <a href=\"https:\/\/t.co\/ShgpMk4QX7\">pic.twitter.com\/ShgpMk4QX7<\/a><\/p>&mdash; Daniel Kral (@DanielKral1) <a href=\"https:\/\/twitter.com\/DanielKral1\/status\/1744629646937710734?ref_src=twsrc%5Etfw\">January 9, 2024<\/a><\/blockquote><script async src=\"https:\/\/platform.twitter.com\/widgets.js\" charset=\"utf-8\"><\/script>\n<\/div><\/figure>\n\n\n\n<p class=\"wp-block-paragraph\">Germany&#8217;s industry continues to decline: in November, production fell for the third time in a row. Unlike in Switzerland, for example, it is still well below the pre-Corona level.<\/p>\n\n\n\n<figure class=\"wp-block-embed is-type-rich is-provider-twitter wp-block-embed-twitter\"><div class=\"wp-block-embed__wrapper\">\n<blockquote class=\"twitter-tweet\" data-width=\"550\" data-dnt=\"true\"><p lang=\"de\" dir=\"ltr\">Deutschlands Industrie befindet sich weiterhin im Niedergang: Im November sank die Produktion das dritte Mal in Folge. Anders als etwa in der Schweiz liegt sie immer noch deutlich unter dem Vor-Corona-Niveau. <a href=\"https:\/\/t.co\/rxUCq6NF0R\">pic.twitter.com\/rxUCq6NF0R<\/a><\/p>&mdash; Simon Haas (@simhaas) <a href=\"https:\/\/twitter.com\/simhaas\/status\/1744689897359774073?ref_src=twsrc%5Etfw\">January 9, 2024<\/a><\/blockquote><script async src=\"https:\/\/platform.twitter.com\/widgets.js\" charset=\"utf-8\"><\/script>\n<\/div><\/figure>\n\n\n\n<p class=\"wp-block-paragraph\">RECESSION: After two increases in a row, the Ifo business climate fell again in December (86.4 after 87.2). Like the purchasing managers&#8217; indices, it remains in recession territory. Expect a further GDP decline in the winter half of the year and -0.3% in 2024.<\/p>\n\n\n\n<figure class=\"wp-block-embed is-type-rich is-provider-twitter wp-block-embed-twitter\"><div class=\"wp-block-embed__wrapper\">\n<blockquote class=\"twitter-tweet\" data-width=\"550\" data-dnt=\"true\"><p lang=\"de\" dir=\"ltr\">REZESSION: Nach zwei Anstiegen in Folge ist das Ifo-Gesch\u00e4ftsklima im Dezember wieder gefallen (86,4 nach 87,2). Es verharrt wie die Einkaufsmanagerindizes im Rezessionsbereich. Erwarte f\u00fcr das Winterhalbjahr weiter einen BIP-R\u00fcckgang und f\u00fcr 2024 -0,3% <a href=\"https:\/\/t.co\/RXm2WJT87f\">pic.twitter.com\/RXm2WJT87f<\/a><\/p>&mdash; J\u00f6rg Kr\u00e4mer (@DrJoergKraemer) <a href=\"https:\/\/twitter.com\/DrJoergKraemer\/status\/1736710055175606728?ref_src=twsrc%5Etfw\">December 18, 2023<\/a><\/blockquote><script async src=\"https:\/\/platform.twitter.com\/widgets.js\" charset=\"utf-8\"><\/script>\n<\/div><\/figure>\n\n\n\n<p class=\"wp-block-paragraph\"><\/p>\n","protected":false},"excerpt":{"rendered":"<p>The recession in Germany is here. And the mix of negative factors does not promise a rosy outlook.<\/p>\n","protected":false},"author":121246920,"featured_media":296197,"comment_status":"open","ping_status":"open","sticky":false,"template":"","format":"standard","meta":{"_coblocks_attr":"","_coblocks_dimensions":"","_coblocks_responsive_height":"","_coblocks_accordion_ie_support":"","_crdt_document":"","advanced_seo_description":"","jetpack_seo_html_title":"","jetpack_seo_noindex":false,"_jetpack_newsletter_access":"","_jetpack_dont_email_post_to_subs":false,"_jetpack_newsletter_tier_id":0,"_jetpack_memberships_contains_paywalled_content":false,"_jetpack_memberships_contains_paid_content":false,"footnotes":"","jetpack_publicize_message":"The recession in Germany is here. And the mix of negative factors does not promise a rosy outlook.","jetpack_publicize_feature_enabled":true,"jetpack_social_post_already_shared":false,"jetpack_social_options":{"image_generator_settings":{"template":"highway","default_image_id":0,"font":"","enabled":false},"version":2},"jetpack_post_was_ever_published":false},"categories":[1],"tags":[691826333,691818051,691826332,691826334,691822168,691818299],"class_list":{"0":"post-296186","1":"post","2":"type-post","3":"status-publish","4":"format-standard","5":"has-post-thumbnail","6":"hentry","7":"category-uncategorized","8":"tag-german-chancellor-olaf-scholz","9":"tag-germany","10":"tag-green-transformation","11":"tag-industrial-production","12":"tag-recession","13":"tag-subsidies","15":"fallback-thumbnail"},"jetpack_publicize_connections":[],"jetpack_featured_media_url":"https:\/\/i0.wp.com\/climatescience.press\/wp-content\/uploads\/2024\/01\/Recession-in-Germany.jpg?fit=1280%2C720&ssl=1","jetpack_likes_enabled":true,"jetpack_sharing_enabled":true,"jetpack_shortlink":"https:\/\/wp.me\/paxLW1-1f3c","jetpack-related-posts":[{"id":247626,"url":"https:\/\/climatescience.press\/?p=247626","url_meta":{"origin":296186,"position":0},"title":"As German Economy Reels, Chancellor Promises Going Green Will Lead To \u201cEconomic Miracle\u201d!","author":"uwe.roland.gross","date":"03\/14\/2023","format":false,"excerpt":"Drugged up on Green dope\u2026 As Germany reels from a deep economic crisis driven by green policies, Chancellor Scholz promises a green economic wonder!","rel":"","context":"Similar post","block_context":{"text":"Similar post","link":""},"img":{"alt_text":"","src":"https:\/\/i0.wp.com\/climatescience.press\/wp-content\/uploads\/2023\/03\/image-432.png?fit=1200%2C900&ssl=1&resize=350%2C200","width":350,"height":200,"srcset":"https:\/\/i0.wp.com\/climatescience.press\/wp-content\/uploads\/2023\/03\/image-432.png?fit=1200%2C900&ssl=1&resize=350%2C200 1x, https:\/\/i0.wp.com\/climatescience.press\/wp-content\/uploads\/2023\/03\/image-432.png?fit=1200%2C900&ssl=1&resize=525%2C300 1.5x, https:\/\/i0.wp.com\/climatescience.press\/wp-content\/uploads\/2023\/03\/image-432.png?fit=1200%2C900&ssl=1&resize=700%2C400 2x, https:\/\/i0.wp.com\/climatescience.press\/wp-content\/uploads\/2023\/03\/image-432.png?fit=1200%2C900&ssl=1&resize=1050%2C600 3x"},"classes":[]},{"id":247647,"url":"https:\/\/climatescience.press\/?p=247647","url_meta":{"origin":296186,"position":1},"title":"Germany&#8217;s Coming Green Energy &#8220;Economic Miracle&#8221;","author":"uwe.roland.gross","date":"03\/15\/2023","format":false,"excerpt":"Heat pumps that run on electricity at 5 times U.S. prices, and then don\u2019t keep you warm on the coldest days of the winter. That\u2019s the green idea of an \u201ceconomic miracle.\u201d","rel":"","context":"Similar post","block_context":{"text":"Similar post","link":""},"img":{"alt_text":"","src":"https:\/\/i0.wp.com\/climatescience.press\/wp-content\/uploads\/2023\/03\/07.jpg?fit=1200%2C675&ssl=1&resize=350%2C200","width":350,"height":200,"srcset":"https:\/\/i0.wp.com\/climatescience.press\/wp-content\/uploads\/2023\/03\/07.jpg?fit=1200%2C675&ssl=1&resize=350%2C200 1x, https:\/\/i0.wp.com\/climatescience.press\/wp-content\/uploads\/2023\/03\/07.jpg?fit=1200%2C675&ssl=1&resize=525%2C300 1.5x, https:\/\/i0.wp.com\/climatescience.press\/wp-content\/uploads\/2023\/03\/07.jpg?fit=1200%2C675&ssl=1&resize=700%2C400 2x, https:\/\/i0.wp.com\/climatescience.press\/wp-content\/uploads\/2023\/03\/07.jpg?fit=1200%2C675&ssl=1&resize=1050%2C600 3x"},"classes":[]},{"id":276276,"url":"https:\/\/climatescience.press\/?p=276276","url_meta":{"origin":296186,"position":2},"title":"Germany is Heading into a Recession Caused by Its Green Energy Policies, as the Country is Labelled the \u2018Sick Man of Europe\u2019","author":"uwe.roland.gross","date":"08\/29\/2023","format":false,"excerpt":"Germany\u2019s economy is teetering on the edge of recession, with opposition leaders pointing fingers to the Government\u2019s green energy policies as the culprit.","rel":"","context":"In \"Bureaucratisation\"","block_context":{"text":"Bureaucratisation","link":"https:\/\/climatescience.press\/?tag=bureaucratisation"},"img":{"alt_text":"","src":"https:\/\/i0.wp.com\/climatescience.press\/wp-content\/uploads\/2023\/08\/image-1073.png?fit=1200%2C675&ssl=1&resize=350%2C200","width":350,"height":200,"srcset":"https:\/\/i0.wp.com\/climatescience.press\/wp-content\/uploads\/2023\/08\/image-1073.png?fit=1200%2C675&ssl=1&resize=350%2C200 1x, https:\/\/i0.wp.com\/climatescience.press\/wp-content\/uploads\/2023\/08\/image-1073.png?fit=1200%2C675&ssl=1&resize=525%2C300 1.5x, https:\/\/i0.wp.com\/climatescience.press\/wp-content\/uploads\/2023\/08\/image-1073.png?fit=1200%2C675&ssl=1&resize=700%2C400 2x, https:\/\/i0.wp.com\/climatescience.press\/wp-content\/uploads\/2023\/08\/image-1073.png?fit=1200%2C675&ssl=1&resize=1050%2C600 3x"},"classes":[]},{"id":288615,"url":"https:\/\/climatescience.press\/?p=288615","url_meta":{"origin":296186,"position":3},"title":"Major Setback For German Green Transformation As Top Court Rules Funding Unconstitutional!","author":"uwe.roland.gross","date":"11\/25\/2023","format":false,"excerpt":"Chancellor Olaf Scholz In a recent development that has thrown Germany into financial disarray, the nation\u2019s\u00a0constitutional court has overturned Chancellor Olaf Scholz\u2019s spending strategy. This ruling has caused a \u20ac60 billion\u00a0deficit in the country\u2019s finances and has led to a proposed suspension of the constitutional law that restricts borrowing. NoTricksZone\u2026","rel":"","context":"In \"60 billion euros\"","block_context":{"text":"60 billion euros","link":"https:\/\/climatescience.press\/?tag=60-billion-euros"},"img":{"alt_text":"","src":"https:\/\/i0.wp.com\/climatescience.press\/wp-content\/uploads\/2023\/11\/0AA-20230224-30403811-30403805-GERMAN_CHANCELLOR_OLAF_SCHOLZ.webp?fit=1200%2C800&ssl=1&resize=350%2C200","width":350,"height":200,"srcset":"https:\/\/i0.wp.com\/climatescience.press\/wp-content\/uploads\/2023\/11\/0AA-20230224-30403811-30403805-GERMAN_CHANCELLOR_OLAF_SCHOLZ.webp?fit=1200%2C800&ssl=1&resize=350%2C200 1x, https:\/\/i0.wp.com\/climatescience.press\/wp-content\/uploads\/2023\/11\/0AA-20230224-30403811-30403805-GERMAN_CHANCELLOR_OLAF_SCHOLZ.webp?fit=1200%2C800&ssl=1&resize=525%2C300 1.5x, https:\/\/i0.wp.com\/climatescience.press\/wp-content\/uploads\/2023\/11\/0AA-20230224-30403811-30403805-GERMAN_CHANCELLOR_OLAF_SCHOLZ.webp?fit=1200%2C800&ssl=1&resize=700%2C400 2x, https:\/\/i0.wp.com\/climatescience.press\/wp-content\/uploads\/2023\/11\/0AA-20230224-30403811-30403805-GERMAN_CHANCELLOR_OLAF_SCHOLZ.webp?fit=1200%2C800&ssl=1&resize=1050%2C600 3x"},"classes":[]},{"id":213529,"url":"https:\/\/climatescience.press\/?p=213529","url_meta":{"origin":296186,"position":4},"title":"Germany\u2019s Growing Energy Supply Uncertainty: Electric Heater Sales Up 1000%\u2026In the Summertime!","author":"uwe.roland.gross","date":"08\/14\/2022","format":false,"excerpt":"Nowadays in Germany, talk is swirling over whether Chancellor Olaf Scholz (SPD Socialists) still has confidence in Economics Minister Robert Habeck\u2019s capability to run the country\u2019s energy policy, which many are calling a disaster.\u00a0","rel":"","context":"Similar post","block_context":{"text":"Similar post","link":""},"img":{"alt_text":"","src":"https:\/\/i0.wp.com\/climatescience.press\/wp-content\/uploads\/2022\/08\/image-499.png?fit=1024%2C576&ssl=1&resize=350%2C200","width":350,"height":200,"srcset":"https:\/\/i0.wp.com\/climatescience.press\/wp-content\/uploads\/2022\/08\/image-499.png?fit=1024%2C576&ssl=1&resize=350%2C200 1x, https:\/\/i0.wp.com\/climatescience.press\/wp-content\/uploads\/2022\/08\/image-499.png?fit=1024%2C576&ssl=1&resize=525%2C300 1.5x, https:\/\/i0.wp.com\/climatescience.press\/wp-content\/uploads\/2022\/08\/image-499.png?fit=1024%2C576&ssl=1&resize=700%2C400 2x"},"classes":[]},{"id":216823,"url":"https:\/\/climatescience.press\/?p=216823","url_meta":{"origin":296186,"position":5},"title":"Renewables Triumph: Wind &#038; Solar \u2018Powered\u2019 Germans Aim for World Record Power Price","author":"uwe.roland.gross","date":"09\/02\/2022","format":false,"excerpt":"Hey, not to worry: German Chancellor Olaf Scholz promised that police will not open fire on demonstrators.","rel":"","context":"Similar post","block_context":{"text":"Similar post","link":""},"img":{"alt_text":"","src":"https:\/\/i0.wp.com\/climatescience.press\/wp-content\/uploads\/2022\/09\/image-57.png?fit=768%2C383&ssl=1&resize=350%2C200","width":350,"height":200,"srcset":"https:\/\/i0.wp.com\/climatescience.press\/wp-content\/uploads\/2022\/09\/image-57.png?fit=768%2C383&ssl=1&resize=350%2C200 1x, https:\/\/i0.wp.com\/climatescience.press\/wp-content\/uploads\/2022\/09\/image-57.png?fit=768%2C383&ssl=1&resize=525%2C300 1.5x, https:\/\/i0.wp.com\/climatescience.press\/wp-content\/uploads\/2022\/09\/image-57.png?fit=768%2C383&ssl=1&resize=700%2C400 2x"},"classes":[]}],"_links":{"self":[{"href":"https:\/\/climatescience.press\/index.php?rest_route=\/wp\/v2\/posts\/296186","targetHints":{"allow":["GET"]}}],"collection":[{"href":"https:\/\/climatescience.press\/index.php?rest_route=\/wp\/v2\/posts"}],"about":[{"href":"https:\/\/climatescience.press\/index.php?rest_route=\/wp\/v2\/types\/post"}],"author":[{"embeddable":true,"href":"https:\/\/climatescience.press\/index.php?rest_route=\/wp\/v2\/users\/121246920"}],"replies":[{"embeddable":true,"href":"https:\/\/climatescience.press\/index.php?rest_route=%2Fwp%2Fv2%2Fcomments&post=296186"}],"version-history":[{"count":11,"href":"https:\/\/climatescience.press\/index.php?rest_route=\/wp\/v2\/posts\/296186\/revisions"}],"predecessor-version":[{"id":296199,"href":"https:\/\/climatescience.press\/index.php?rest_route=\/wp\/v2\/posts\/296186\/revisions\/296199"}],"wp:featuredmedia":[{"embeddable":true,"href":"https:\/\/climatescience.press\/index.php?rest_route=\/wp\/v2\/media\/296197"}],"wp:attachment":[{"href":"https:\/\/climatescience.press\/index.php?rest_route=%2Fwp%2Fv2%2Fmedia&parent=296186"}],"wp:term":[{"taxonomy":"category","embeddable":true,"href":"https:\/\/climatescience.press\/index.php?rest_route=%2Fwp%2Fv2%2Fcategories&post=296186"},{"taxonomy":"post_tag","embeddable":true,"href":"https:\/\/climatescience.press\/index.php?rest_route=%2Fwp%2Fv2%2Ftags&post=296186"}],"curies":[{"name":"wp","href":"https:\/\/api.w.org\/{rel}","templated":true}]}}