{"id":286153,"date":"2023-11-02T11:44:52","date_gmt":"2023-11-02T10:44:52","guid":{"rendered":"https:\/\/climatescience.press\/?p=286153"},"modified":"2023-11-02T11:44:56","modified_gmt":"2023-11-02T10:44:56","slug":"germanys-green-craze-is-expensive-destructive-useless-a-total-failure","status":"publish","type":"post","link":"https:\/\/climatescience.press\/?p=286153","title":{"rendered":"Germany\u2019s \u201cGreen Craze\u201d Is \u201cExpensive, Destructive, Useless\u201d\u2026 A \u201cTotal Failure\u201d"},"content":{"rendered":"\n<figure class=\"wp-block-image size-full\"><img data-recalc-dims=\"1\" loading=\"lazy\" decoding=\"async\" width=\"723\" height=\"482\" data-attachment-id=\"286161\" data-permalink=\"https:\/\/climatescience.press\/?attachment_id=286161\" data-orig-file=\"https:\/\/i0.wp.com\/climatescience.press\/wp-content\/uploads\/2023\/11\/0image_1669827620744_1024.jpg?fit=1024%2C683&amp;ssl=1\" data-orig-size=\"1024,683\" data-comments-opened=\"1\" data-image-meta=\"{&quot;aperture&quot;:&quot;0&quot;,&quot;credit&quot;:&quot;&quot;,&quot;camera&quot;:&quot;&quot;,&quot;caption&quot;:&quot;&quot;,&quot;created_timestamp&quot;:&quot;0&quot;,&quot;copyright&quot;:&quot;&quot;,&quot;focal_length&quot;:&quot;0&quot;,&quot;iso&quot;:&quot;0&quot;,&quot;shutter_speed&quot;:&quot;0&quot;,&quot;title&quot;:&quot;&quot;,&quot;orientation&quot;:&quot;1&quot;}\" data-image-title=\"0image_1669827620744_1024\" data-image-description=\"\" data-image-caption=\"\" data-large-file=\"https:\/\/i0.wp.com\/climatescience.press\/wp-content\/uploads\/2023\/11\/0image_1669827620744_1024.jpg?fit=723%2C482&amp;ssl=1\" src=\"https:\/\/i0.wp.com\/climatescience.press\/wp-content\/uploads\/2023\/11\/0image_1669827620744_1024.jpg?resize=723%2C482&#038;ssl=1\" alt=\"\" class=\"wp-image-286161\" srcset=\"https:\/\/i0.wp.com\/climatescience.press\/wp-content\/uploads\/2023\/11\/0image_1669827620744_1024.jpg?w=1024&amp;ssl=1 1024w, https:\/\/i0.wp.com\/climatescience.press\/wp-content\/uploads\/2023\/11\/0image_1669827620744_1024.jpg?resize=300%2C200&amp;ssl=1 300w, https:\/\/i0.wp.com\/climatescience.press\/wp-content\/uploads\/2023\/11\/0image_1669827620744_1024.jpg?resize=768%2C512&amp;ssl=1 768w\" sizes=\"auto, (max-width: 723px) 100vw, 723px\" \/><\/figure>\n\n\n\n<p class=\"wp-block-paragraph\"><\/p>\n\n\n\n<p class=\"wp-block-paragraph\"><strong>The entire energy transition is a complete failure. Even with the redistribution of hundreds of billions of euros, more economic damage has been done than any benefit has been achieved. And yet we are extremely far from the so-called &#8220;climate targets&#8221; in terms of decarbonization. This has now also been noted by the financial news portal Bloomberg.<\/strong><\/p>\n\n\n\n<figure class=\"wp-block-image size-large\"><img data-recalc-dims=\"1\" loading=\"lazy\" decoding=\"async\" width=\"723\" height=\"482\" data-attachment-id=\"286158\" data-permalink=\"https:\/\/climatescience.press\/?attachment_id=286158\" data-orig-file=\"https:\/\/i0.wp.com\/climatescience.press\/wp-content\/uploads\/2023\/11\/image-27.png?fit=2420%2C1613&amp;ssl=1\" data-orig-size=\"2420,1613\" data-comments-opened=\"1\" data-image-meta=\"{&quot;aperture&quot;:&quot;0&quot;,&quot;credit&quot;:&quot;&quot;,&quot;camera&quot;:&quot;&quot;,&quot;caption&quot;:&quot;&quot;,&quot;created_timestamp&quot;:&quot;0&quot;,&quot;copyright&quot;:&quot;&quot;,&quot;focal_length&quot;:&quot;0&quot;,&quot;iso&quot;:&quot;0&quot;,&quot;shutter_speed&quot;:&quot;0&quot;,&quot;title&quot;:&quot;&quot;,&quot;orientation&quot;:&quot;0&quot;}\" data-image-title=\"image-27\" data-image-description=\"\" data-image-caption=\"\" data-large-file=\"https:\/\/i0.wp.com\/climatescience.press\/wp-content\/uploads\/2023\/11\/image-27.png?fit=723%2C482&amp;ssl=1\" src=\"https:\/\/i0.wp.com\/climatescience.press\/wp-content\/uploads\/2023\/11\/image-27.png?resize=723%2C482&#038;ssl=1\" alt=\"\" class=\"wp-image-286158\" srcset=\"https:\/\/i0.wp.com\/climatescience.press\/wp-content\/uploads\/2023\/11\/image-27.png?resize=1024%2C683&amp;ssl=1 1024w, https:\/\/i0.wp.com\/climatescience.press\/wp-content\/uploads\/2023\/11\/image-27.png?resize=300%2C200&amp;ssl=1 300w, https:\/\/i0.wp.com\/climatescience.press\/wp-content\/uploads\/2023\/11\/image-27.png?resize=768%2C512&amp;ssl=1 768w, https:\/\/i0.wp.com\/climatescience.press\/wp-content\/uploads\/2023\/11\/image-27.png?resize=1536%2C1024&amp;ssl=1 1536w, https:\/\/i0.wp.com\/climatescience.press\/wp-content\/uploads\/2023\/11\/image-27.png?resize=2048%2C1365&amp;ssl=1 2048w, https:\/\/i0.wp.com\/climatescience.press\/wp-content\/uploads\/2023\/11\/image-27.png?resize=1200%2C800&amp;ssl=1 1200w, https:\/\/i0.wp.com\/climatescience.press\/wp-content\/uploads\/2023\/11\/image-27.png?w=1446&amp;ssl=1 1446w, https:\/\/i0.wp.com\/climatescience.press\/wp-content\/uploads\/2023\/11\/image-27.png?w=2169&amp;ssl=1 2169w\" sizes=\"auto, (max-width: 723px) 100vw, 723px\" \/><\/figure>\n\n\n\n<p class=\"wp-block-paragraph\">From <a href=\"https:\/\/notrickszone.com\/\">NoTricksZone<\/a><\/p>\n\n\n\n<p class=\"wp-block-paragraph\"><em>By\u00a0<a href=\"https:\/\/notrickszone.com\/author\/admin\/\">P Gosselin<\/a>\u00a0on\u00a0<\/em>31. October 2023<\/p>\n\n\n\n<figure class=\"wp-block-image size-large\"><img data-recalc-dims=\"1\" loading=\"lazy\" decoding=\"async\" width=\"723\" height=\"480\" data-attachment-id=\"286159\" data-permalink=\"https:\/\/climatescience.press\/?attachment_id=286159\" data-orig-file=\"https:\/\/i0.wp.com\/climatescience.press\/wp-content\/uploads\/2023\/11\/0urnnewsmldpa.com20090101220619-99-718469-v3-s2048.jpeg?fit=1200%2C797&amp;ssl=1\" data-orig-size=\"1200,797\" data-comments-opened=\"1\" data-image-meta=\"{&quot;aperture&quot;:&quot;0&quot;,&quot;credit&quot;:&quot;Jan Woitas\/dpa&quot;,&quot;camera&quot;:&quot;&quot;,&quot;caption&quot;:&quot;ARCHIV - Robert Habeck (B\\u00fcndnis 90\/Die Gr\\u00fcnen), Bundesminister f\\u00fcr Wirtschaft und Klimaschutz, besucht die Total Raffinerie Leuna. Foto: Jan Woitas\/dpa&quot;,&quot;created_timestamp&quot;:&quot;1652709976&quot;,&quot;copyright&quot;:&quot;(c) Copyright 2022, dpa (www.dpa.de). Alle Rechte vorbehalten&quot;,&quot;focal_length&quot;:&quot;0&quot;,&quot;iso&quot;:&quot;0&quot;,&quot;shutter_speed&quot;:&quot;0&quot;,&quot;title&quot;:&quot;Habeck will zus\\u00e4tzliche Ma\\u00dfnahmen f\\u00fcr weniger Gasverbrauch&quot;,&quot;orientation&quot;:&quot;1&quot;}\" data-image-title=\"Habeck will zus\u00e4tzliche Ma\u00dfnahmen f\u00fcr weniger Gasverbrauch\" data-image-description=\"\" data-image-caption=\"&lt;p&gt;ARCHIV &amp;#8211; Robert Habeck (B\u00fcndnis 90\/Die Gr\u00fcnen), Bundesminister f\u00fcr Wirtschaft und Klimaschutz, besucht die Total Raffinerie Leuna. Foto: Jan Woitas\/dpa&lt;\/p&gt;\n\" data-large-file=\"https:\/\/i0.wp.com\/climatescience.press\/wp-content\/uploads\/2023\/11\/0urnnewsmldpa.com20090101220619-99-718469-v3-s2048.jpeg?fit=723%2C480&amp;ssl=1\" src=\"https:\/\/i0.wp.com\/climatescience.press\/wp-content\/uploads\/2023\/11\/0urnnewsmldpa.com20090101220619-99-718469-v3-s2048.jpeg?resize=723%2C480&#038;ssl=1\" alt=\"\" class=\"wp-image-286159\" srcset=\"https:\/\/i0.wp.com\/climatescience.press\/wp-content\/uploads\/2023\/11\/0urnnewsmldpa.com20090101220619-99-718469-v3-s2048.jpeg?resize=1024%2C680&amp;ssl=1 1024w, https:\/\/i0.wp.com\/climatescience.press\/wp-content\/uploads\/2023\/11\/0urnnewsmldpa.com20090101220619-99-718469-v3-s2048.jpeg?resize=300%2C199&amp;ssl=1 300w, https:\/\/i0.wp.com\/climatescience.press\/wp-content\/uploads\/2023\/11\/0urnnewsmldpa.com20090101220619-99-718469-v3-s2048.jpeg?resize=768%2C510&amp;ssl=1 768w, https:\/\/i0.wp.com\/climatescience.press\/wp-content\/uploads\/2023\/11\/0urnnewsmldpa.com20090101220619-99-718469-v3-s2048.jpeg?w=1200&amp;ssl=1 1200w\" sizes=\"auto, (max-width: 723px) 100vw, 723px\" \/><figcaption class=\"wp-element-caption\">ARCHIV &#8211; Robert Habeck (B\u00fcndnis 90\/Die Gr\u00fcnen), Bundesminister f\u00fcr Wirtschaft und Klimaschutz, besucht die Total Raffinerie Leuna. Foto: Jan Woitas\/dpa<\/figcaption><\/figure>\n\n\n\n<p class=\"wp-block-paragraph\"><\/p>\n\n\n\n<p class=\"wp-block-paragraph\"><strong>Germans are already completely fed up and frustrated with the costly transition to green energies, and the target remains very far off.<\/strong><\/p>\n\n\n\n<p class=\"wp-block-paragraph\"><strong><em><mark style=\"background-color:rgba(0, 0, 0, 0);color:#cf2e2e\" class=\"has-inline-color\">Even Bloomberg calls it a \u201ctotal failure\u201d<\/mark><\/em><\/strong><\/p>\n\n\n\n<figure class=\"wp-block-image size-full is-resized\"><img data-recalc-dims=\"1\" loading=\"lazy\" decoding=\"async\" width=\"583\" height=\"444\" data-attachment-id=\"286154\" data-permalink=\"https:\/\/climatescience.press\/?attachment_id=286154\" data-orig-file=\"https:\/\/i0.wp.com\/climatescience.press\/wp-content\/uploads\/2023\/11\/image-26.png?fit=583%2C444&amp;ssl=1\" data-orig-size=\"583,444\" data-comments-opened=\"1\" data-image-meta=\"{&quot;aperture&quot;:&quot;0&quot;,&quot;credit&quot;:&quot;&quot;,&quot;camera&quot;:&quot;&quot;,&quot;caption&quot;:&quot;&quot;,&quot;created_timestamp&quot;:&quot;0&quot;,&quot;copyright&quot;:&quot;&quot;,&quot;focal_length&quot;:&quot;0&quot;,&quot;iso&quot;:&quot;0&quot;,&quot;shutter_speed&quot;:&quot;0&quot;,&quot;title&quot;:&quot;&quot;,&quot;orientation&quot;:&quot;0&quot;}\" data-image-title=\"image-26\" data-image-description=\"\" data-image-caption=\"\" data-large-file=\"https:\/\/i0.wp.com\/climatescience.press\/wp-content\/uploads\/2023\/11\/image-26.png?fit=583%2C444&amp;ssl=1\" src=\"https:\/\/i0.wp.com\/climatescience.press\/wp-content\/uploads\/2023\/11\/image-26.png?resize=583%2C444&#038;ssl=1\" alt=\"\" class=\"wp-image-286154\" style=\"width:760px;height:auto\" srcset=\"https:\/\/i0.wp.com\/climatescience.press\/wp-content\/uploads\/2023\/11\/image-26.png?w=583&amp;ssl=1 583w, https:\/\/i0.wp.com\/climatescience.press\/wp-content\/uploads\/2023\/11\/image-26.png?resize=300%2C228&amp;ssl=1 300w\" sizes=\"auto, (max-width: 583px) 100vw, 583px\" \/><figcaption class=\"wp-element-caption\"><em>Federal Economics Minister Robert Habeck, Green Party, has been called by many the most incompetent in modern German history. Public domain image.\u00a0<\/em><\/figcaption><\/figure>\n\n\n\n<p class=\"wp-block-paragraph\">Germany\u2019s conservative&nbsp;<a href=\"https:\/\/report24.news\/totalversagen-energiewende-teuer-destruktiv-nutzlos-selbst-bloomberg-attackiert-robert-habeck\/\">Report 24 here<\/a>&nbsp;looks at the country\u2019s transition to renewable energies (<em>die Energiewende<\/em>), which despite earlier high hopes has since turned into an economic debacle under the leadership of Economics Minister Robert Habeck (photo above).<\/p>\n\n\n\n<p class=\"wp-block-paragraph\"><strong>\u201cTotal failure\u201d<\/strong><\/p>\n\n\n\n<p class=\"wp-block-paragraph\">\u201cThe entire energy transition is a complete total failure. Even with the redistribution of hundreds of billions of euros, more economic damage has been done than any benefit&nbsp; achieved. And still we are extremely far away from the so-called \u2018climate goals\u2019 in terms of decarbonization,\u201d so starts Report 24\u2019s analysis.<\/p>\n\n\n\n<p class=\"wp-block-paragraph\">Even Bloomberg confirms the same.<\/p>\n\n\n\n<p class=\"wp-block-paragraph\">Not only has the German&nbsp;<em>Energiewende<\/em>&nbsp;been exorbitantly expensive, but it has also brought very little in terms of actual decarbonization. Moreover, it has fueled inflation and demolished living standards for working Germans.<\/p>\n\n\n\n<p class=\"wp-block-paragraph\">It\u2019s been one giant wealth destruction machine.<\/p>\n\n\n\n<p class=\"wp-block-paragraph\"><\/p>\n\n\n\n<p class=\"wp-block-paragraph\"><strong>Germans already frustrated, fed up&nbsp;<\/strong><\/p>\n\n\n\n<p class=\"wp-block-paragraph\">\u201cEven the financial news portal&nbsp;<a href=\"https:\/\/www.bloomberg.com\/news\/articles\/2023-10-25\/robert-habeck-can-t-get-germany-to-meet-its-climate-aim#xj4y7vzkg\">Bloomberg<\/a>&nbsp;states this total failure of politics, because the population simply does not want to carry these whole measures any more. A recent article by the portal discusses how the Green Minister of Economics, Robert Habeck, has a strict focus on the \u2018climate targets,\u2019 but is still rigorously failing to achieve them,\u201d Report 24 continues. \u201cAt the same time, the economy is stumbling and frustration among citizens is growing steadily.\u201d<\/p>\n\n\n\n<p class=\"wp-block-paragraph\">The switch to predominantly unstable wind and sun as the primary source of electricity has also greatly magnified the risk of blackouts.<\/p>\n\n\n\n<p class=\"wp-block-paragraph\"><\/p>\n\n\n\n<p class=\"wp-block-paragraph\"><strong>\u201cDoomed to failure\u201d<\/strong><\/p>\n\n\n\n<p class=\"wp-block-paragraph\">\u201cGermany is thus impressively showing the world that the green craze is doomed to failure,\u201d writes Report 24.\u00a0 \u201cThe people of Germany do not want to sacrifice their quality of life and their jobs to some utopian goals that are in any case based only on ideological assumptions and incomplete data sets.\u201d<\/p>\n\n\n\n<p class=\"wp-block-paragraph\"><\/p>\n","protected":false},"excerpt":{"rendered":"<p>The entire energy transition is a complete failure. Even with the redistribution of hundreds of billions of euros, more economic damage has been done than any benefit has been achieved. And yet we are extremely far from the so-called &#8220;climate targets&#8221; in terms of decarbonization. This has now also been noted by the financial news [&hellip;]<\/p>\n","protected":false},"author":121246920,"featured_media":286161,"comment_status":"open","ping_status":"open","sticky":false,"template":"","format":"standard","meta":{"_coblocks_attr":"","_coblocks_dimensions":"","_coblocks_responsive_height":"","_coblocks_accordion_ie_support":"","_crdt_document":"","advanced_seo_description":"","jetpack_seo_html_title":"","jetpack_seo_noindex":false,"_jetpack_newsletter_access":"","_jetpack_dont_email_post_to_subs":false,"_jetpack_newsletter_tier_id":0,"_jetpack_memberships_contains_paywalled_content":false,"_jetpack_memberships_contains_paid_content":false,"footnotes":"","jetpack_publicize_message":"The entire energy transition is a complete failure. Even with the redistribution of hundreds of billions of euros, more economic damage has been done than any benefit has been achieved. And yet we are extremely far from the so-called \"climate targets\" in ","jetpack_publicize_feature_enabled":true,"jetpack_social_post_already_shared":false,"jetpack_social_options":{"image_generator_settings":{"template":"highway","default_image_id":0,"font":"","enabled":false},"version":2},"jetpack_post_was_ever_published":false},"categories":[1],"tags":[691818076,691819173,691824187,691818051,691818154,691819094],"class_list":{"0":"post-286153","1":"post","2":"type-post","3":"status-publish","4":"format-standard","5":"has-post-thumbnail","6":"hentry","7":"category-uncategorized","8":"tag-co2","9":"tag-decarbonization","10":"tag-german-energiewende-2","11":"tag-germany","12":"tag-net-zero","13":"tag-renewable-green-energy","15":"fallback-thumbnail"},"jetpack_publicize_connections":[],"jetpack_featured_media_url":"https:\/\/i0.wp.com\/climatescience.press\/wp-content\/uploads\/2023\/11\/0image_1669827620744_1024.jpg?fit=1024%2C683&ssl=1","jetpack_likes_enabled":true,"jetpack_sharing_enabled":true,"jetpack_shortlink":"https:\/\/wp.me\/paxLW1-1crn","jetpack-related-posts":[{"id":280807,"url":"https:\/\/climatescience.press\/?p=280807","url_meta":{"origin":286153,"position":0},"title":"To go green, Lufthansa says it needs half of Germany\u2019s electricity","author":"uwe.roland.gross","date":"28\/09\/2023","format":false,"excerpt":"It\u2019s just another wake up call in the Green fairy fantasy land","rel":"","context":"In \"decarbonize flights\"","block_context":{"text":"decarbonize flights","link":"https:\/\/climatescience.press\/?tag=decarbonize-flights"},"img":{"alt_text":"","src":"https:\/\/i0.wp.com\/climatescience.press\/wp-content\/uploads\/2023\/09\/0Germany-Lufthansa-Strike-_-Black-Hole-Zoo-760828.jpg?fit=1200%2C675&ssl=1&resize=350%2C200","width":350,"height":200,"srcset":"https:\/\/i0.wp.com\/climatescience.press\/wp-content\/uploads\/2023\/09\/0Germany-Lufthansa-Strike-_-Black-Hole-Zoo-760828.jpg?fit=1200%2C675&ssl=1&resize=350%2C200 1x, https:\/\/i0.wp.com\/climatescience.press\/wp-content\/uploads\/2023\/09\/0Germany-Lufthansa-Strike-_-Black-Hole-Zoo-760828.jpg?fit=1200%2C675&ssl=1&resize=525%2C300 1.5x, https:\/\/i0.wp.com\/climatescience.press\/wp-content\/uploads\/2023\/09\/0Germany-Lufthansa-Strike-_-Black-Hole-Zoo-760828.jpg?fit=1200%2C675&ssl=1&resize=700%2C400 2x, https:\/\/i0.wp.com\/climatescience.press\/wp-content\/uploads\/2023\/09\/0Germany-Lufthansa-Strike-_-Black-Hole-Zoo-760828.jpg?fit=1200%2C675&ssl=1&resize=1050%2C600 3x"},"classes":[]},{"id":288693,"url":"https:\/\/climatescience.press\/?p=288693","url_meta":{"origin":286153,"position":1},"title":"Germany: Green hydrogen project in Heide stopped prematurely","author":"uwe.roland.gross","date":"26\/11\/2023","format":false,"excerpt":"The Heide oil refinery has decided to use green hydrogen. However, the \"West Coast 100\" electrolysis plant project was prematurely terminated three years after the project began. Raffinerie Heide, \u00d8rsted Germany and Hynamics Germany have announced that they will not build an electrolyser. More than three years ago, they joined\u2026","rel":"","context":"In \"\u00d8rsted\"","block_context":{"text":"\u00d8rsted","link":"https:\/\/climatescience.press\/?tag=orsted-2"},"img":{"alt_text":"","src":"https:\/\/i0.wp.com\/climatescience.press\/wp-content\/uploads\/2023\/11\/00csm_ueber-uns-headerbild_Raffinerie_Heide_563b59d6e2-1-1250x625-1.jpg?fit=1200%2C600&ssl=1&resize=350%2C200","width":350,"height":200,"srcset":"https:\/\/i0.wp.com\/climatescience.press\/wp-content\/uploads\/2023\/11\/00csm_ueber-uns-headerbild_Raffinerie_Heide_563b59d6e2-1-1250x625-1.jpg?fit=1200%2C600&ssl=1&resize=350%2C200 1x, https:\/\/i0.wp.com\/climatescience.press\/wp-content\/uploads\/2023\/11\/00csm_ueber-uns-headerbild_Raffinerie_Heide_563b59d6e2-1-1250x625-1.jpg?fit=1200%2C600&ssl=1&resize=525%2C300 1.5x, https:\/\/i0.wp.com\/climatescience.press\/wp-content\/uploads\/2023\/11\/00csm_ueber-uns-headerbild_Raffinerie_Heide_563b59d6e2-1-1250x625-1.jpg?fit=1200%2C600&ssl=1&resize=700%2C400 2x, https:\/\/i0.wp.com\/climatescience.press\/wp-content\/uploads\/2023\/11\/00csm_ueber-uns-headerbild_Raffinerie_Heide_563b59d6e2-1-1250x625-1.jpg?fit=1200%2C600&ssl=1&resize=1050%2C600 3x"},"classes":[]},{"id":204773,"url":"https:\/\/climatescience.press\/?p=204773","url_meta":{"origin":286153,"position":2},"title":"Decarbonizing electricity in the European Union: A programmed failure demonstrated by the figures","author":"uwe.roland.gross","date":"17\/06\/2022","format":false,"excerpt":"Contributed by Pierre Kunsch Physicist PhD in Sciences Honorary Professor at Free University of Brussels \u00a9 2022 We must stop rambling on about the Green Deal and the carbon neutrality objectives in the European Union (EU) that we are told could be achieved thanks to 100% so-called renewable energies, by\u2026","rel":"","context":"Similar post","block_context":{"text":"Similar post","link":""},"img":{"alt_text":"","src":"https:\/\/i0.wp.com\/climatescience.press\/wp-content\/uploads\/2022\/06\/0pierre-K-emissions-intensity-1.webp?fit=904%2C470&ssl=1&resize=350%2C200","width":350,"height":200,"srcset":"https:\/\/i0.wp.com\/climatescience.press\/wp-content\/uploads\/2022\/06\/0pierre-K-emissions-intensity-1.webp?fit=904%2C470&ssl=1&resize=350%2C200 1x, https:\/\/i0.wp.com\/climatescience.press\/wp-content\/uploads\/2022\/06\/0pierre-K-emissions-intensity-1.webp?fit=904%2C470&ssl=1&resize=525%2C300 1.5x, https:\/\/i0.wp.com\/climatescience.press\/wp-content\/uploads\/2022\/06\/0pierre-K-emissions-intensity-1.webp?fit=904%2C470&ssl=1&resize=700%2C400 2x"},"classes":[]},{"id":377914,"url":"https:\/\/climatescience.press\/?p=377914","url_meta":{"origin":286153,"position":3},"title":"Net Zero Fades As the Deluded Cling to Its Fantasy","author":"uwe.roland.gross","date":"11\/05\/2025","format":false,"excerpt":"The grand vision of \u201cNet Zero\u201d initiatives \u2013 by which emissions of carbon dioxide magically balance with expensive and futile capture and storage systems \u2013 have long been sold as the redemption arc for humanity\u2019s profligate modern ways. Yet, like a poorly scripted dystopian thriller, the holes in this plot\u2026","rel":"","context":"In \"\u201cGreen\u201d hydrogen\"","block_context":{"text":"\u201cGreen\u201d hydrogen","link":"https:\/\/climatescience.press\/?tag=green-hydrogen-3"},"img":{"alt_text":"","src":"https:\/\/i0.wp.com\/climatescience.press\/wp-content\/uploads\/2025\/05\/OIG-79.jpeg?fit=1024%2C1024&ssl=1&resize=350%2C200","width":350,"height":200,"srcset":"https:\/\/i0.wp.com\/climatescience.press\/wp-content\/uploads\/2025\/05\/OIG-79.jpeg?fit=1024%2C1024&ssl=1&resize=350%2C200 1x, https:\/\/i0.wp.com\/climatescience.press\/wp-content\/uploads\/2025\/05\/OIG-79.jpeg?fit=1024%2C1024&ssl=1&resize=525%2C300 1.5x, https:\/\/i0.wp.com\/climatescience.press\/wp-content\/uploads\/2025\/05\/OIG-79.jpeg?fit=1024%2C1024&ssl=1&resize=700%2C400 2x"},"classes":[]},{"id":224176,"url":"https:\/\/climatescience.press\/?p=224176","url_meta":{"origin":286153,"position":4},"title":"Chevron CEO Blames Climate Policies for Global Energy Crisis","author":"uwe.roland.gross","date":"16\/10\/2022","format":false,"excerpt":"The chairman and CEO of energy company Chevron warned the global energy crisis had been\u00a0exacerbated by Western governments \"doubling down\" on green energy policies that will only cause \"more volatility, more unpredictability, and more chaos.\"\u00a0","rel":"","context":"Similar post","block_context":{"text":"Similar post","link":""},"img":{"alt_text":"","src":"https:\/\/i0.wp.com\/climatescience.press\/wp-content\/uploads\/2022\/10\/image-780.png?fit=1185%2C1200&ssl=1&resize=350%2C200","width":350,"height":200,"srcset":"https:\/\/i0.wp.com\/climatescience.press\/wp-content\/uploads\/2022\/10\/image-780.png?fit=1185%2C1200&ssl=1&resize=350%2C200 1x, https:\/\/i0.wp.com\/climatescience.press\/wp-content\/uploads\/2022\/10\/image-780.png?fit=1185%2C1200&ssl=1&resize=525%2C300 1.5x, https:\/\/i0.wp.com\/climatescience.press\/wp-content\/uploads\/2022\/10\/image-780.png?fit=1185%2C1200&ssl=1&resize=700%2C400 2x, https:\/\/i0.wp.com\/climatescience.press\/wp-content\/uploads\/2022\/10\/image-780.png?fit=1185%2C1200&ssl=1&resize=1050%2C600 3x"},"classes":[]},{"id":294155,"url":"https:\/\/climatescience.press\/?p=294155","url_meta":{"origin":286153,"position":5},"title":"New Report Highlights Green Failure in Europe and Warns America","author":"uwe.roland.gross","date":"07\/01\/2024","format":false,"excerpt":"As one digests Rupert Darwall\u2019s\u00a0latest report\u00a0for the RealClear Foundation, the well-known quote from Spanish philosopher George Santayana might ring through the mind: \u201cThose who cannot remember the past are condemned to repeat it.\u201d","rel":"","context":"In \"British energy prices\"","block_context":{"text":"British energy prices","link":"https:\/\/climatescience.press\/?tag=british-energy-prices"},"img":{"alt_text":"","src":"https:\/\/i0.wp.com\/climatescience.press\/wp-content\/uploads\/2024\/01\/OIG-70.jpeg?fit=1024%2C1024&ssl=1&resize=350%2C200","width":350,"height":200,"srcset":"https:\/\/i0.wp.com\/climatescience.press\/wp-content\/uploads\/2024\/01\/OIG-70.jpeg?fit=1024%2C1024&ssl=1&resize=350%2C200 1x, https:\/\/i0.wp.com\/climatescience.press\/wp-content\/uploads\/2024\/01\/OIG-70.jpeg?fit=1024%2C1024&ssl=1&resize=525%2C300 1.5x, https:\/\/i0.wp.com\/climatescience.press\/wp-content\/uploads\/2024\/01\/OIG-70.jpeg?fit=1024%2C1024&ssl=1&resize=700%2C400 2x"},"classes":[]}],"_links":{"self":[{"href":"https:\/\/climatescience.press\/index.php?rest_route=\/wp\/v2\/posts\/286153","targetHints":{"allow":["GET"]}}],"collection":[{"href":"https:\/\/climatescience.press\/index.php?rest_route=\/wp\/v2\/posts"}],"about":[{"href":"https:\/\/climatescience.press\/index.php?rest_route=\/wp\/v2\/types\/post"}],"author":[{"embeddable":true,"href":"https:\/\/climatescience.press\/index.php?rest_route=\/wp\/v2\/users\/121246920"}],"replies":[{"embeddable":true,"href":"https:\/\/climatescience.press\/index.php?rest_route=%2Fwp%2Fv2%2Fcomments&post=286153"}],"version-history":[{"count":6,"href":"https:\/\/climatescience.press\/index.php?rest_route=\/wp\/v2\/posts\/286153\/revisions"}],"predecessor-version":[{"id":286163,"href":"https:\/\/climatescience.press\/index.php?rest_route=\/wp\/v2\/posts\/286153\/revisions\/286163"}],"wp:featuredmedia":[{"embeddable":true,"href":"https:\/\/climatescience.press\/index.php?rest_route=\/wp\/v2\/media\/286161"}],"wp:attachment":[{"href":"https:\/\/climatescience.press\/index.php?rest_route=%2Fwp%2Fv2%2Fmedia&parent=286153"}],"wp:term":[{"taxonomy":"category","embeddable":true,"href":"https:\/\/climatescience.press\/index.php?rest_route=%2Fwp%2Fv2%2Fcategories&post=286153"},{"taxonomy":"post_tag","embeddable":true,"href":"https:\/\/climatescience.press\/index.php?rest_route=%2Fwp%2Fv2%2Ftags&post=286153"}],"curies":[{"name":"wp","href":"https:\/\/api.w.org\/{rel}","templated":true}]}}