{"id":257981,"date":"2023-05-18T09:37:58","date_gmt":"2023-05-18T07:37:58","guid":{"rendered":"https:\/\/climatescience.press\/?p=257981"},"modified":"2023-05-18T09:38:01","modified_gmt":"2023-05-18T07:38:01","slug":"french-president-macron-sells-out-climate-activists-calls-for-a-pause-in-new-regulations","status":"publish","type":"post","link":"https:\/\/climatescience.press\/?p=257981","title":{"rendered":"French President Macron Sells Out Climate Activists, Calls for a \u201cPause\u201d in New Regulations"},"content":{"rendered":"\n<figure class=\"wp-block-image size-large\"><img data-recalc-dims=\"1\" loading=\"lazy\" decoding=\"async\" width=\"723\" height=\"380\" data-attachment-id=\"257984\" data-permalink=\"https:\/\/climatescience.press\/?attachment_id=257984\" data-orig-file=\"https:\/\/i0.wp.com\/climatescience.press\/wp-content\/uploads\/2023\/05\/0untitled-design_u12k.1920.webp?fit=1280%2C672&amp;ssl=1\" data-orig-size=\"1280,672\" data-comments-opened=\"1\" data-image-meta=\"{&quot;aperture&quot;:&quot;0&quot;,&quot;credit&quot;:&quot;&quot;,&quot;camera&quot;:&quot;&quot;,&quot;caption&quot;:&quot;&quot;,&quot;created_timestamp&quot;:&quot;0&quot;,&quot;copyright&quot;:&quot;&quot;,&quot;focal_length&quot;:&quot;0&quot;,&quot;iso&quot;:&quot;0&quot;,&quot;shutter_speed&quot;:&quot;0&quot;,&quot;title&quot;:&quot;&quot;,&quot;orientation&quot;:&quot;0&quot;}\" data-image-title=\"0untitled-design_u12k.1920\" data-image-description=\"\" data-image-caption=\"\" data-large-file=\"https:\/\/i0.wp.com\/climatescience.press\/wp-content\/uploads\/2023\/05\/0untitled-design_u12k.1920.webp?fit=723%2C380&amp;ssl=1\" src=\"https:\/\/i0.wp.com\/climatescience.press\/wp-content\/uploads\/2023\/05\/0untitled-design_u12k.1920.webp?resize=723%2C380&#038;ssl=1\" alt=\"\" class=\"wp-image-257984\" srcset=\"https:\/\/i0.wp.com\/climatescience.press\/wp-content\/uploads\/2023\/05\/0untitled-design_u12k.1920.webp?resize=1024%2C538&amp;ssl=1 1024w, https:\/\/i0.wp.com\/climatescience.press\/wp-content\/uploads\/2023\/05\/0untitled-design_u12k.1920.webp?resize=300%2C158&amp;ssl=1 300w, https:\/\/i0.wp.com\/climatescience.press\/wp-content\/uploads\/2023\/05\/0untitled-design_u12k.1920.webp?resize=768%2C403&amp;ssl=1 768w, https:\/\/i0.wp.com\/climatescience.press\/wp-content\/uploads\/2023\/05\/0untitled-design_u12k.1920.webp?resize=1200%2C630&amp;ssl=1 1200w, https:\/\/i0.wp.com\/climatescience.press\/wp-content\/uploads\/2023\/05\/0untitled-design_u12k.1920.webp?w=1280&amp;ssl=1 1280w\" sizes=\"auto, (max-width: 723px) 100vw, 723px\" \/><\/figure>\n\n\n\n<p class=\"wp-block-paragraph\"><\/p>\n\n\n\n<p class=\"wp-block-paragraph\">From <a href=\"https:\/\/wattsupwiththat.com\/2023\/05\/17\/french-president-macron-sells-out-climate-activists-calls-for-a-pause-in-new-regulations\/?utm_source=rss&amp;utm_medium=rss&amp;utm_campaign=french-president-macron-sells-out-climate-activists-calls-for-a-pause-in-new-regulations\">Watts Up With That?<\/a><\/p>\n\n\n\n<p class=\"wp-block-paragraph\"><strong>Essay by Eric Worrall<\/strong><\/p>\n\n\n\n<p class=\"wp-block-paragraph\">President Macron has chosen to dump climate activists in his desperate struggle to save his political skin from the rise of French Conservative Marine Le Pen.<\/p>\n\n\n\n<blockquote class=\"wp-block-quote is-layout-flow wp-block-quote-is-layout-flow\">\n<p class=\"wp-block-paragraph\"><strong>Is Macron finally taking on the cult of net zero?<\/strong><\/p>\n\n\n\n<p class=\"wp-block-paragraph\">15 May 2023, 8:13am<\/p>\n\n\n\n<p class=\"wp-block-paragraph\">\u2026<\/p>\n\n\n\n<p class=\"wp-block-paragraph\">Calling for a \u2018pause\u2019 of more EU environmental red tape, Macron said member states required stability if they were to attract future investment.&nbsp;<\/p>\n\n\n\n<p class=\"wp-block-paragraph\">A day later, the president doubled down on his remarks while on a visit to Europe\u2019s leading steel producer&nbsp;in Dunkirk. \u2018I prefer factories that respect our European standards, which are the best, rather than those who want to add more and more standards, but without having any more factories,\u2019 declared Macron.&nbsp;&nbsp;&nbsp;<\/p>\n\n\n\n<p class=\"wp-block-paragraph\">There was a reason Macron chose Dunkirk. It is Marine Le Pen territory, a region where unemployment is at 9 per cent, 2 per cent more than the national average. \u2018The Dunkirk basin has lost 6,000 industrial jobs in 20 years,\u2019 acknowledged the president. \u2018We will recreate 16,000 by 2030.\u2019&nbsp;<\/p>\n\n\n\n<p class=\"wp-block-paragraph\">\u2026<\/p>\n\n\n\n<p class=\"wp-block-paragraph\">But from the left there has been only rage. \u2018Absolutely irresponsible\u2019 cried the Green MP Sandrine Rousseau, who said it wasn\u2019t fewer environmental regulations that were needed: \u2018On the contrary, we have to increase them.\u2019&nbsp;<\/p>\n\n\n\n<p class=\"wp-block-paragraph\">\u2026Read more:&nbsp;<a href=\"https:\/\/www.spectator.co.uk\/article\/is-macron-finally-taking-on-the-cult-of-net-zero\/\" target=\"_blank\" rel=\"noreferrer noopener\">https:\/\/www.spectator.co.uk\/article\/is-macron-finally-taking-on-the-cult-of-net-zero\/<\/a><\/p>\n<\/blockquote>\n\n\n\n<figure class=\"wp-block-image size-full\"><img data-recalc-dims=\"1\" loading=\"lazy\" decoding=\"async\" width=\"723\" height=\"470\" data-attachment-id=\"257986\" data-permalink=\"https:\/\/climatescience.press\/?attachment_id=257986\" data-orig-file=\"https:\/\/i0.wp.com\/climatescience.press\/wp-content\/uploads\/2023\/05\/image-272.png?fit=1024%2C666&amp;ssl=1\" data-orig-size=\"1024,666\" data-comments-opened=\"1\" data-image-meta=\"{&quot;aperture&quot;:&quot;0&quot;,&quot;credit&quot;:&quot;&quot;,&quot;camera&quot;:&quot;&quot;,&quot;caption&quot;:&quot;&quot;,&quot;created_timestamp&quot;:&quot;0&quot;,&quot;copyright&quot;:&quot;&quot;,&quot;focal_length&quot;:&quot;0&quot;,&quot;iso&quot;:&quot;0&quot;,&quot;shutter_speed&quot;:&quot;0&quot;,&quot;title&quot;:&quot;&quot;,&quot;orientation&quot;:&quot;0&quot;}\" data-image-title=\"image-272\" data-image-description=\"\" data-image-caption=\"\" data-large-file=\"https:\/\/i0.wp.com\/climatescience.press\/wp-content\/uploads\/2023\/05\/image-272.png?fit=723%2C470&amp;ssl=1\" src=\"https:\/\/i0.wp.com\/climatescience.press\/wp-content\/uploads\/2023\/05\/image-272.png?resize=723%2C470&#038;ssl=1\" alt=\"\" class=\"wp-image-257986\" srcset=\"https:\/\/i0.wp.com\/climatescience.press\/wp-content\/uploads\/2023\/05\/image-272.png?w=1024&amp;ssl=1 1024w, https:\/\/i0.wp.com\/climatescience.press\/wp-content\/uploads\/2023\/05\/image-272.png?resize=300%2C195&amp;ssl=1 300w, https:\/\/i0.wp.com\/climatescience.press\/wp-content\/uploads\/2023\/05\/image-272.png?resize=768%2C500&amp;ssl=1 768w\" sizes=\"auto, (max-width: 723px) 100vw, 723px\" \/><\/figure>\n\n\n\n<p class=\"wp-block-paragraph\">This is a far cry from the days when Macron taunted President Trump for not being committed to the green cause with&nbsp;<a rel=\"noreferrer noopener\" href=\"https:\/\/wattsupwiththat.com\/2017\/06\/10\/french-president-offers-us-climate-scientists-e1-5-million-each-to-move-to-france\/\" target=\"_blank\">an offer to US climate scientists to relocate to France<\/a>.<\/p>\n\n\n\n<p class=\"wp-block-paragraph\">Macron is now desperate to distance himself from climate issues a little, to prevent more of his working class industrial belt supporters defecting to his rival Marine Le-Pen. France has been rent by widespread protests against pension reforms and cost of living rises. The situation in France is now so unstable,&nbsp;<a href=\"https:\/\/www.espn.com\/nrl\/story\/_\/id\/37657640\/france-withdraws-host-2025-world-cup#\" target=\"_blank\" rel=\"noreferrer noopener\">France has cancelled hosting the World Cup Soccer tournament in 2025<\/a>, claiming they don\u2019t have enough money to support the event \u2013 but more likely, Macron is worried football violence could escalate into a popular uprising against his heavy handed incompetence.<\/p>\n\n\n\n<figure class=\"wp-block-embed is-type-video is-provider-youtube wp-block-embed-youtube wp-embed-aspect-16-9 wp-has-aspect-ratio\"><div class=\"wp-block-embed__wrapper\">\n<span class=\"embed-youtube\" style=\"text-align:center; display: block;\"><iframe loading=\"lazy\" class=\"youtube-player\" width=\"723\" height=\"407\" src=\"https:\/\/www.youtube.com\/embed\/O1VbdsYKwk0?version=3&#038;rel=1&#038;showsearch=0&#038;showinfo=1&#038;iv_load_policy=1&#038;fs=1&#038;hl=en-US&#038;autohide=2&#038;wmode=transparent\" allowfullscreen=\"true\" style=\"border:0;\" sandbox=\"allow-scripts allow-same-origin allow-popups allow-presentation allow-popups-to-escape-sandbox\"><\/iframe><\/span>\n<\/div><\/figure>\n\n\n\n<p class=\"wp-block-paragraph\">Politicians selling out climate activists will become more common, as the political value of climate activism as a campaign lever plummets. Support for climate policies mostly only works on left wing activists these days, so it is politically useless as a means to broaden your support base.<\/p>\n\n\n\n<p class=\"wp-block-paragraph\">By contrast, other crisis like&nbsp;<a rel=\"noreferrer noopener\" href=\"https:\/\/wattsupwiththat.com\/2023\/05\/07\/goodbye-climate-alarmism-the-age-of-the-ai-alarmist-has-begun\/\" target=\"_blank\">the fake AI crisis<\/a>&nbsp;have stronger bipartisan appeal, which makes alternatives like the AI scare increasingly useful virtue signalling props.<\/p>\n\n\n\n<p class=\"wp-block-paragraph\"><a href=\"https:\/\/www.politico.eu\/article\/macron-ai-could-threaten-democracy\/\" target=\"_blank\" rel=\"noreferrer noopener\">Macron was an early mover when it came to talking up the AI scare.<\/a><\/p>\n\n\n\n<p class=\"wp-block-paragraph\">The big question, what will President Macron do next? Will President Macron crawl to President Trump, and beg for an endorsement, to raise his credibility with right wing voters? Will he support more fossil fuel? Will he try an entirely new strategy, to deflect attention from his failures? Whatever happens, this is quite a fall, for&nbsp;<a rel=\"noreferrer noopener\" href=\"https:\/\/www.latimes.com\/world\/europe\/la-fg-france-macron-20171003-story.html\" target=\"_blank\">a French President who promised to rule like a Roman God<\/a>.<\/p>\n","protected":false},"excerpt":{"rendered":"<p>President Macron has chosen to dump climate activists in his desperate struggle to save his political skin from the rise of French Conservative Marine Le Pen.<\/p>\n","protected":false},"author":121246920,"featured_media":257984,"comment_status":"open","ping_status":"open","sticky":false,"template":"","format":"standard","meta":{"_coblocks_attr":"","_coblocks_dimensions":"","_coblocks_responsive_height":"","_coblocks_accordion_ie_support":"","_crdt_document":"","advanced_seo_description":"","jetpack_seo_html_title":"","jetpack_seo_noindex":false,"_jetpack_newsletter_access":"","_jetpack_dont_email_post_to_subs":false,"_jetpack_newsletter_tier_id":0,"_jetpack_memberships_contains_paywalled_content":false,"_jetpack_memberships_contains_paid_content":false,"footnotes":"","jetpack_publicize_message":"","jetpack_publicize_feature_enabled":true,"jetpack_social_post_already_shared":true,"jetpack_social_options":{"image_generator_settings":{"template":"highway","default_image_id":0,"font":"","enabled":false},"version":2},"jetpack_post_was_ever_published":false},"categories":[1],"tags":[691818608,691818154],"class_list":{"0":"post-257981","1":"post","2":"type-post","3":"status-publish","4":"format-standard","5":"has-post-thumbnail","6":"hentry","7":"category-uncategorized","8":"tag-climate-activists","9":"tag-net-zero","11":"fallback-thumbnail"},"jetpack_publicize_connections":[],"jetpack_featured_media_url":"https:\/\/i0.wp.com\/climatescience.press\/wp-content\/uploads\/2023\/05\/0untitled-design_u12k.1920.webp?fit=1280%2C672&ssl=1","jetpack_likes_enabled":true,"jetpack_sharing_enabled":true,"jetpack_shortlink":"https:\/\/wp.me\/paxLW1-156Z","jetpack-related-posts":[{"id":196282,"url":"https:\/\/climatescience.press\/?p=196282","url_meta":{"origin":257981,"position":0},"title":"Will the Next French President Renounce the Paris Agreement?","author":"uwe.roland.gross","date":"17\/04\/2022","format":false,"excerpt":"Candidate Marine Le Pen. By J\u00c4NNICK J\u00e9r\u00e9my,\u00a0CC BY 3.0,\u00a0Link. President Emmanuel Macron. By\u00a0Kremlin.ru,\u00a0CC BY 4.0,\u00a0Link. Image modified. Guest essay by Eric Worrall President Macron, thought technically in the lead, is facing a nervous time attempting to build a coalition, to win a run off election against upstart right wing candidate\u00a0Marine\u2026","rel":"","context":"Similar post","block_context":{"text":"Similar post","link":""},"img":{"alt_text":"","src":"https:\/\/i0.wp.com\/climatescience.press\/wp-content\/uploads\/2022\/04\/0Screenshot-2022-04-17-130023.png?fit=1052%2C551&ssl=1&resize=350%2C200","width":350,"height":200,"srcset":"https:\/\/i0.wp.com\/climatescience.press\/wp-content\/uploads\/2022\/04\/0Screenshot-2022-04-17-130023.png?fit=1052%2C551&ssl=1&resize=350%2C200 1x, https:\/\/i0.wp.com\/climatescience.press\/wp-content\/uploads\/2022\/04\/0Screenshot-2022-04-17-130023.png?fit=1052%2C551&ssl=1&resize=525%2C300 1.5x, https:\/\/i0.wp.com\/climatescience.press\/wp-content\/uploads\/2022\/04\/0Screenshot-2022-04-17-130023.png?fit=1052%2C551&ssl=1&resize=700%2C400 2x, https:\/\/i0.wp.com\/climatescience.press\/wp-content\/uploads\/2022\/04\/0Screenshot-2022-04-17-130023.png?fit=1052%2C551&ssl=1&resize=1050%2C600 3x"},"classes":[]},{"id":332411,"url":"https:\/\/climatescience.press\/?p=332411","url_meta":{"origin":257981,"position":1},"title":"Is Paris About to Leave the Paris Agreement?","author":"uwe.roland.gross","date":"11\/06\/2024","format":false,"excerpt":"President Macron has called a snap parliamentary election after devastating losses to right wing challenger Marine Le Pen in recent European elections.","rel":"","context":"In \"Emmanuel Macron\"","block_context":{"text":"Emmanuel Macron","link":"https:\/\/climatescience.press\/?tag=emmanuel-macron"},"img":{"alt_text":"","src":"https:\/\/i0.wp.com\/climatescience.press\/wp-content\/uploads\/2024\/06\/0updates-Paris-Agreement.jpg?fit=1200%2C900&ssl=1&resize=350%2C200","width":350,"height":200,"srcset":"https:\/\/i0.wp.com\/climatescience.press\/wp-content\/uploads\/2024\/06\/0updates-Paris-Agreement.jpg?fit=1200%2C900&ssl=1&resize=350%2C200 1x, https:\/\/i0.wp.com\/climatescience.press\/wp-content\/uploads\/2024\/06\/0updates-Paris-Agreement.jpg?fit=1200%2C900&ssl=1&resize=525%2C300 1.5x, https:\/\/i0.wp.com\/climatescience.press\/wp-content\/uploads\/2024\/06\/0updates-Paris-Agreement.jpg?fit=1200%2C900&ssl=1&resize=700%2C400 2x, https:\/\/i0.wp.com\/climatescience.press\/wp-content\/uploads\/2024\/06\/0updates-Paris-Agreement.jpg?fit=1200%2C900&ssl=1&resize=1050%2C600 3x"},"classes":[]},{"id":261940,"url":"https:\/\/climatescience.press\/?p=261940","url_meta":{"origin":257981,"position":2},"title":"Is Europe awakening from its Net Zero nightmare?","author":"uwe.roland.gross","date":"13\/06\/2023","format":false,"excerpt":"Early last month, French President Emmanuel Macron shocked Europe by urging the European Union to take a break from imposing additional regulations on struggling industries. The EU has already done \u201cmore than its neighbors\u201d to save the planet from environmental doom, said Macron. \u00a0Any further steps would pose risks for\u2026","rel":"","context":"In \"Climate crisis\"","block_context":{"text":"Climate crisis","link":"https:\/\/climatescience.press\/?tag=climate-crisis"},"img":{"alt_text":"","src":"https:\/\/i0.wp.com\/climatescience.press\/wp-content\/uploads\/2023\/06\/0dawp19f-02587b22-5fba-4101-9ca9-ce4d967590e4.png?fit=1200%2C705&ssl=1&resize=350%2C200","width":350,"height":200,"srcset":"https:\/\/i0.wp.com\/climatescience.press\/wp-content\/uploads\/2023\/06\/0dawp19f-02587b22-5fba-4101-9ca9-ce4d967590e4.png?fit=1200%2C705&ssl=1&resize=350%2C200 1x, https:\/\/i0.wp.com\/climatescience.press\/wp-content\/uploads\/2023\/06\/0dawp19f-02587b22-5fba-4101-9ca9-ce4d967590e4.png?fit=1200%2C705&ssl=1&resize=525%2C300 1.5x, https:\/\/i0.wp.com\/climatescience.press\/wp-content\/uploads\/2023\/06\/0dawp19f-02587b22-5fba-4101-9ca9-ce4d967590e4.png?fit=1200%2C705&ssl=1&resize=700%2C400 2x, https:\/\/i0.wp.com\/climatescience.press\/wp-content\/uploads\/2023\/06\/0dawp19f-02587b22-5fba-4101-9ca9-ce4d967590e4.png?fit=1200%2C705&ssl=1&resize=1050%2C600 3x"},"classes":[]},{"id":233071,"url":"https:\/\/climatescience.press\/?p=233071","url_meta":{"origin":257981,"position":3},"title":"French President: Stop Scaremongering About Green Electricity Blackouts","author":"uwe.roland.gross","date":"09\/12\/2022","format":false,"excerpt":"According to French President Macron, talk of winter blackouts are \"scenarios of fear\" which have to\u00a0stop.","rel":"","context":"Similar post","block_context":{"text":"Similar post","link":""},"img":{"alt_text":"","src":"https:\/\/i0.wp.com\/climatescience.press\/wp-content\/uploads\/2022\/12\/image-192.png?fit=1200%2C628&ssl=1&resize=350%2C200","width":350,"height":200,"srcset":"https:\/\/i0.wp.com\/climatescience.press\/wp-content\/uploads\/2022\/12\/image-192.png?fit=1200%2C628&ssl=1&resize=350%2C200 1x, https:\/\/i0.wp.com\/climatescience.press\/wp-content\/uploads\/2022\/12\/image-192.png?fit=1200%2C628&ssl=1&resize=525%2C300 1.5x, https:\/\/i0.wp.com\/climatescience.press\/wp-content\/uploads\/2022\/12\/image-192.png?fit=1200%2C628&ssl=1&resize=700%2C400 2x, https:\/\/i0.wp.com\/climatescience.press\/wp-content\/uploads\/2022\/12\/image-192.png?fit=1200%2C628&ssl=1&resize=1050%2C600 3x"},"classes":[]},{"id":264515,"url":"https:\/\/climatescience.press\/?p=264515","url_meta":{"origin":257981,"position":4},"title":"French President Suggests Taxing America to Save the European Green Energy Dream","author":"uwe.roland.gross","date":"29\/06\/2023","format":false,"excerpt":"Perhaps Macron is testing the water, to see if US politicians can be manipulated into providing even more money.","rel":"","context":"In \"Climate change\"","block_context":{"text":"Climate change","link":"https:\/\/climatescience.press\/?tag=climate-change"},"img":{"alt_text":"","src":"https:\/\/i0.wp.com\/climatescience.press\/wp-content\/uploads\/2023\/06\/0-Macron-78.jpg?fit=1200%2C675&ssl=1&resize=350%2C200","width":350,"height":200,"srcset":"https:\/\/i0.wp.com\/climatescience.press\/wp-content\/uploads\/2023\/06\/0-Macron-78.jpg?fit=1200%2C675&ssl=1&resize=350%2C200 1x, https:\/\/i0.wp.com\/climatescience.press\/wp-content\/uploads\/2023\/06\/0-Macron-78.jpg?fit=1200%2C675&ssl=1&resize=525%2C300 1.5x, https:\/\/i0.wp.com\/climatescience.press\/wp-content\/uploads\/2023\/06\/0-Macron-78.jpg?fit=1200%2C675&ssl=1&resize=700%2C400 2x, https:\/\/i0.wp.com\/climatescience.press\/wp-content\/uploads\/2023\/06\/0-Macron-78.jpg?fit=1200%2C675&ssl=1&resize=1050%2C600 3x"},"classes":[]},{"id":332753,"url":"https:\/\/climatescience.press\/?p=332753","url_meta":{"origin":257981,"position":5},"title":"POLITICO: \u2018Europe\u2019s Greens take a beating at the polls. Is the US next?\u2019","author":"uwe.roland.gross","date":"13\/06\/2024","format":false,"excerpt":"Climate action on the other side of the Atlantic flourished after the \u201cgreen wave\u201d and \u201cquiet revolution\u201d of the 2019 elections elevated the Green Party into a force in the European Parliament. Five years later, a reversal of political fortunes in Europe could upend the move to zero-carbon energy and\u2026","rel":"","context":"In \"European Parliament\"","block_context":{"text":"European Parliament","link":"https:\/\/climatescience.press\/?tag=european-parliament"},"img":{"alt_text":"","src":"https:\/\/i0.wp.com\/climatescience.press\/wp-content\/uploads\/2024\/06\/00bon-1.webp?fit=1200%2C798&ssl=1&resize=350%2C200","width":350,"height":200,"srcset":"https:\/\/i0.wp.com\/climatescience.press\/wp-content\/uploads\/2024\/06\/00bon-1.webp?fit=1200%2C798&ssl=1&resize=350%2C200 1x, https:\/\/i0.wp.com\/climatescience.press\/wp-content\/uploads\/2024\/06\/00bon-1.webp?fit=1200%2C798&ssl=1&resize=525%2C300 1.5x, https:\/\/i0.wp.com\/climatescience.press\/wp-content\/uploads\/2024\/06\/00bon-1.webp?fit=1200%2C798&ssl=1&resize=700%2C400 2x, https:\/\/i0.wp.com\/climatescience.press\/wp-content\/uploads\/2024\/06\/00bon-1.webp?fit=1200%2C798&ssl=1&resize=1050%2C600 3x"},"classes":[]}],"_links":{"self":[{"href":"https:\/\/climatescience.press\/index.php?rest_route=\/wp\/v2\/posts\/257981","targetHints":{"allow":["GET"]}}],"collection":[{"href":"https:\/\/climatescience.press\/index.php?rest_route=\/wp\/v2\/posts"}],"about":[{"href":"https:\/\/climatescience.press\/index.php?rest_route=\/wp\/v2\/types\/post"}],"author":[{"embeddable":true,"href":"https:\/\/climatescience.press\/index.php?rest_route=\/wp\/v2\/users\/121246920"}],"replies":[{"embeddable":true,"href":"https:\/\/climatescience.press\/index.php?rest_route=%2Fwp%2Fv2%2Fcomments&post=257981"}],"version-history":[{"count":5,"href":"https:\/\/climatescience.press\/index.php?rest_route=\/wp\/v2\/posts\/257981\/revisions"}],"predecessor-version":[{"id":257988,"href":"https:\/\/climatescience.press\/index.php?rest_route=\/wp\/v2\/posts\/257981\/revisions\/257988"}],"wp:featuredmedia":[{"embeddable":true,"href":"https:\/\/climatescience.press\/index.php?rest_route=\/wp\/v2\/media\/257984"}],"wp:attachment":[{"href":"https:\/\/climatescience.press\/index.php?rest_route=%2Fwp%2Fv2%2Fmedia&parent=257981"}],"wp:term":[{"taxonomy":"category","embeddable":true,"href":"https:\/\/climatescience.press\/index.php?rest_route=%2Fwp%2Fv2%2Fcategories&post=257981"},{"taxonomy":"post_tag","embeddable":true,"href":"https:\/\/climatescience.press\/index.php?rest_route=%2Fwp%2Fv2%2Ftags&post=257981"}],"curies":[{"name":"wp","href":"https:\/\/api.w.org\/{rel}","templated":true}]}}