{"id":237961,"date":"2023-01-05T19:33:35","date_gmt":"2023-01-05T18:33:35","guid":{"rendered":"https:\/\/climatescience.press\/?p=237961"},"modified":"2023-01-05T19:33:37","modified_gmt":"2023-01-05T18:33:37","slug":"canada-2023-political-foibles","status":"publish","type":"post","link":"https:\/\/climatescience.press\/?p=237961","title":{"rendered":"Canada 2023 Political Foibles"},"content":{"rendered":"\n<figure class=\"wp-block-image size-full is-resized\"><img data-recalc-dims=\"1\" loading=\"lazy\" decoding=\"async\" data-attachment-id=\"237967\" data-permalink=\"https:\/\/climatescience.press\/?attachment_id=237967\" data-orig-file=\"https:\/\/i0.wp.com\/climatescience.press\/wp-content\/uploads\/2023\/01\/0CP165508004-700x420-1.jpeg?fit=700%2C420&amp;ssl=1\" data-orig-size=\"700,420\" data-comments-opened=\"1\" data-image-meta=\"{&quot;aperture&quot;:&quot;3.5&quot;,&quot;credit&quot;:&quot;The Canadian Press&quot;,&quot;camera&quot;:&quot;NIKON D5&quot;,&quot;caption&quot;:&quot;Prime Minister Justin Trudeau delivers an address at the Laurier Club Holiday Event, an event for supporters of the Liberal Party of Canada, in Gatineau, Que., on Thursday, Dec. 15, 2022. THE CANADIAN PRESS\/Justin Tang&quot;,&quot;created_timestamp&quot;:&quot;1671132955&quot;,&quot;copyright&quot;:&quot;&quot;,&quot;focal_length&quot;:&quot;300&quot;,&quot;iso&quot;:&quot;2500&quot;,&quot;shutter_speed&quot;:&quot;0.003125&quot;,&quot;title&quot;:&quot;Justin Trudeau&quot;,&quot;orientation&quot;:&quot;1&quot;}\" data-image-title=\"Justin Trudeau\" data-image-description=\"\" data-image-caption=\"&lt;p&gt;Prime Minister Justin Trudeau delivers an address at the Laurier Club Holiday Event, an event for supporters of the Liberal Party of Canada, in Gatineau, Que., on Thursday, Dec. 15, 2022. THE CANADIAN PRESS\/Justin Tang&lt;\/p&gt;\n\" data-large-file=\"https:\/\/i0.wp.com\/climatescience.press\/wp-content\/uploads\/2023\/01\/0CP165508004-700x420-1.jpeg?fit=700%2C420&amp;ssl=1\" src=\"https:\/\/i0.wp.com\/climatescience.press\/wp-content\/uploads\/2023\/01\/0CP165508004-700x420-1.jpeg?resize=723%2C434&#038;ssl=1\" alt=\"\" class=\"wp-image-237967\" width=\"723\" height=\"434\" srcset=\"https:\/\/i0.wp.com\/climatescience.press\/wp-content\/uploads\/2023\/01\/0CP165508004-700x420-1.jpeg?w=700&amp;ssl=1 700w, https:\/\/i0.wp.com\/climatescience.press\/wp-content\/uploads\/2023\/01\/0CP165508004-700x420-1.jpeg?resize=300%2C180&amp;ssl=1 300w\" sizes=\"auto, (max-width: 723px) 100vw, 723px\" \/><figcaption class=\"wp-element-caption\">Prime Minister Justin Trudeau delivers an address at the Laurier Club Holiday Event, an event for supporters of the Liberal Party of Canada, in Gatineau, Que., on Thursday, Dec. 15, 2022. THE CANADIAN PRESS\/Justin Tang<\/figcaption><\/figure>\n\n\n\n<p class=\"wp-block-paragraph\"><\/p>\n\n\n\n<p class=\"wp-block-paragraph\">From <a href=\"http:\/\/rclutz.com\/2023\/01\/04\/canada-2023-political-foibles\/\">Science Matters<\/a><\/p>\n\n\n\n<p class=\"wp-block-paragraph\">By\u00a0<a href=\"https:\/\/rclutz.com\/author\/ronaldrc\/\">Ron Clutz<\/a><\/p>\n\n\n\n<p class=\"wp-block-paragraph\"><\/p>\n\n\n\n<h5 class=\"wp-block-heading\"><strong>1.&nbsp; Hope for a Federal Election in 2023<\/strong><\/h5>\n\n\n\n<p class=\"wp-block-paragraph\">Epoch Times reports<a href=\"https:\/\/www.theepochtimes.com\/nearly-half-of-canadians-want-a-federal-election-in-2023-new-poll_4946193.html?utm_source=ai&amp;utm_medium=search\"><strong>&nbsp;Nearly Half of Canadians Want a Federal Election in 2023:<\/strong><\/a>&nbsp;Poll.&nbsp; Excerpts in italics with my bolds.<\/p>\n\n\n\n<p class=\"wp-block-paragraph\"><em>Nearly half of Canadians say they want a federal election in 2023, a new poll finds, and&nbsp;<strong>a slim majority indicate that Prime Minister Justin Trudeau should step down as Liberal leader in the new year.<\/strong><\/em><\/p>\n\n\n\n<p class=\"wp-block-paragraph\"><em>Conducted by Ipsos on behalf of Global News, the poll shows that&nbsp;<strong>49 percent of Canadians hope for a federal election next year<\/strong>, despite one not being legally mandated until 2025 and the NDP\u2019s promise to keep the minority Liberal government in power so long as their \u201csupply and confidence\u201d agreement holds till then.<\/em><\/p>\n\n\n\n<p class=\"wp-block-paragraph\"><em><strong>The desire for an election varies across provinces,<\/strong>&nbsp;with those living in Atlantic Canada (63 percent), Alberta (60 percent), Saskatchewan (55 percent), Manitoba (55 percent), B.C. (53 percent), and Quebec (60 percent) showing more interest than those residing in Ontario (46 percent), said the poll, released on Dec. 26.<\/em><\/p>\n\n\n\n<p class=\"wp-block-paragraph\"><em>Nationally, only&nbsp;<strong>43 percent believe that a federal election will take place.<\/strong><\/em><\/p>\n\n\n\n<p class=\"wp-block-paragraph\"><em>A majority of Canadians&nbsp;<strong>(54 percent) said Trudeau should step down<\/strong>&nbsp;as Liberal leader in 2023 and that the country should have a new prime minister, though<strong>&nbsp;just 27 percent believe he will do so.<\/strong><\/em><\/p>\n\n\n\n<p class=\"wp-block-paragraph\"><em>This view is&nbsp;<strong>more widely held by men (58 percent)<\/strong>&nbsp;than women (49 percent), according to the online poll. Researchers noted a similarity in&nbsp;<strong>regional variation,<\/strong>&nbsp;with Alberta (65 percent) being most likely to hold this position. Atlantic Canada took the second spot at 57 percent, while Saskatchewan, Manitoba, and Ontario tied at 56 percent. B.C. followed closely behind at 54 percent whereas only 43 percent of Quebecers think Trudeau shouldn\u2019t run in the next election.<\/em><\/p>\n\n\n\n<p class=\"wp-block-paragraph\"><em>The&nbsp;<strong>approval rating for Trudeau (45 percent)<\/strong>&nbsp;is higher than that of&nbsp;<strong>Conservative Leader Pierre Poilievre (41 percent)<\/strong>, according to the poll.<\/em><\/p>\n\n\n\n<p class=\"wp-block-paragraph\"><em><strong>Green Party Leader Elizabeth May,<\/strong>&nbsp;who recently returned to her role after a short hiatus, has an approval rating of&nbsp;<strong>39 percent.<\/strong><\/em><\/p>\n\n\n\n<p class=\"wp-block-paragraph\"><em>Yves-Fran\u00e7ois Blanchet, leader of the Bloc Qu\u00e9b\u00e9cois, had the approval of 43 percent of Quebecers, while approval for People\u2019s Party Leader Maxime Bernier was 26 percent.<\/em><\/p>\n\n\n\n<p class=\"wp-block-paragraph\"><em><strong>NDP Leader Jagmeet Singh<\/strong>&nbsp;received the highest&nbsp;<strong>approval rating at 53 percent.<\/strong><\/em><\/p>\n\n\n\n<p class=\"wp-block-paragraph\"><em>In an interview with Global News, Ipsos CEO Darrell Bricker said popularity doesn\u2019t necessarily mean more votes.<\/em><\/p>\n\n\n\n<p class=\"wp-block-paragraph\"><em>\u201cAs we\u2019ve seen in elections past&nbsp;<strong>with NDP leaders,<\/strong>&nbsp;they tend to do well in the polls and they don\u2019t do so well on Election Day,\u201d Bricker said. \u201cSo even though they might like him a little bit, they\u2019re&nbsp;<strong>not necessarily prepared to vote for him unless something changes.\u201d<\/strong><\/em><\/p>\n\n\n\n<p class=\"wp-block-paragraph\"><em>The survey was conducted based on a sample of 1,004 Canadians aged 18 and over Dec. 14\u201316. It is considered accurate within plus or minus 3.5 percentage points 19 times out of 20.<\/em><\/p>\n\n\n\n<figure class=\"wp-block-embed is-type-video is-provider-youtube wp-block-embed-youtube wp-embed-aspect-16-9 wp-has-aspect-ratio\"><div class=\"wp-block-embed__wrapper\">\n<span class=\"embed-youtube\" style=\"text-align:center; display: block;\"><iframe loading=\"lazy\" class=\"youtube-player\" width=\"723\" height=\"407\" src=\"https:\/\/www.youtube.com\/embed\/2vQofC5nCu4?version=3&#038;rel=1&#038;showsearch=0&#038;showinfo=1&#038;iv_load_policy=1&#038;fs=1&#038;hl=en-US&#038;autohide=2&#038;wmode=transparent\" allowfullscreen=\"true\" style=\"border:0;\" sandbox=\"allow-scripts allow-same-origin allow-popups allow-presentation allow-popups-to-escape-sandbox\"><\/iframe><\/span>\n<\/div><\/figure>\n\n\n\n<p class=\"wp-block-paragraph\"><\/p>\n\n\n\n<h5 class=\"wp-block-heading\"><strong>2. Crackdown on Political Incorrectness<\/strong><\/h5>\n\n\n\n<p class=\"wp-block-paragraph\">Toronto Sun reports&nbsp;<a href=\"https:\/\/www.msn.com\/en-ca\/news\/world\/lilley-jordan-peterson-threatened-with-psychologists-licence-being-revoked-over-political-statements-online\/ar-AA15XiOE\"><strong>Jordan Peterson threatened with psychologists licence being revoked over political statements online.&nbsp;<\/strong><\/a>&nbsp;Excerpts in italics with my bolds.<\/p>\n\n\n\n<p class=\"wp-block-paragraph\"><em>Is Jordan Peterson about to lose his licence to practice psychology in Ontario? That\u2019s what Peterson is claiming online and, so far, the&nbsp;<strong>College of Psychologists of Ontario (CPO)<\/strong>&nbsp;has not denied it.<\/em><\/p>\n\n\n\n<p class=\"wp-block-paragraph\"><em><strong>Peterson<\/strong>&nbsp;took to Twitter on Tuesday to say that he was&nbsp;<strong>ordered to take social media training or face a disciplinary hearing.<\/strong><\/em><\/p>\n\n\n\n<p class=\"wp-block-paragraph\"><em>\u201cBREAKING: the Ontario College of Psychologists @CPOntario has demanded that I submit myself to mandatory social-media communication retraining with their experts<strong>&nbsp;for, among other crimes, retweeting @PierrePoilievre and criticizing @JustinTrudeau and his political allies,<\/strong>\u201d Peterson tweeted Tuesday morning.<\/em><\/p>\n\n\n\n<p class=\"wp-block-paragraph\"><em>Peterson isn\u2019t being asked to reconsider his actions towards a fellow psychologist online, he\u2019s being asked to submit to social media training for political statements he\u2019s made.&nbsp;<strong>None of the people who have lodged complaints are clients,<\/strong>&nbsp;Peterson said, nor are they connected to clients. They haven\u2019t experienced personal harm from Peterson, but<strong>&nbsp;they want the good doctor to be punished.<\/strong><\/em><\/p>\n\n\n\n<p class=\"wp-block-paragraph\"><em>In a series of tweets, Peterson said that many professions in Canada are now run by&nbsp;<strong>associations or colleges that are highly political<\/strong>&nbsp;and which impose fear on their members. He said this included physicians, lawyers, psychologists and among others.<\/em><\/p>\n\n\n\n<p class=\"wp-block-paragraph\"><em>\u201cThis means that your care and legal counsel has been rendered dangerously unreliable,\u201d Peterson tweeted.<\/em><\/p>\n\n\n\n<figure class=\"wp-block-embed is-type-rich is-provider-twitter wp-block-embed-twitter\"><div class=\"wp-block-embed__wrapper\">\n<blockquote class=\"twitter-tweet\" data-width=\"550\" data-dnt=\"true\"><p lang=\"en\" dir=\"ltr\">Canadians: your physicians, lawyers, psychologists and other professionals are now so intimidated by their commissar overlords that they fear to tell you the truth. This means that your care and legal counsel has been rendered dangerously unreliable.<\/p>&mdash; Dr Jordan B Peterson (@jordanbpeterson) <a href=\"https:\/\/twitter.com\/jordanbpeterson\/status\/1610314241491275776?ref_src=twsrc%5Etfw\">January 3, 2023<\/a><\/blockquote><script async src=\"https:\/\/platform.twitter.com\/widgets.js\" charset=\"utf-8\"><\/script>\n<\/div><\/figure>\n\n\n\n<p class=\"wp-block-paragraph\"><\/p>\n\n\n\n<h5 class=\"wp-block-heading\"><strong>3. Barely Hidden Globalist Agenda<\/strong><\/h5>\n\n\n<div class=\"wp-block-image\">\n<figure class=\"aligncenter size-full\"><img data-recalc-dims=\"1\" loading=\"lazy\" decoding=\"async\" width=\"470\" height=\"520\" data-attachment-id=\"237981\" data-permalink=\"https:\/\/climatescience.press\/?attachment_id=237981\" data-orig-file=\"https:\/\/i0.wp.com\/climatescience.press\/wp-content\/uploads\/2023\/01\/0wef-young-global-leaders-schwab.webp?fit=470%2C520&amp;ssl=1\" data-orig-size=\"470,520\" data-comments-opened=\"1\" data-image-meta=\"{&quot;aperture&quot;:&quot;0&quot;,&quot;credit&quot;:&quot;&quot;,&quot;camera&quot;:&quot;&quot;,&quot;caption&quot;:&quot;&quot;,&quot;created_timestamp&quot;:&quot;0&quot;,&quot;copyright&quot;:&quot;&quot;,&quot;focal_length&quot;:&quot;0&quot;,&quot;iso&quot;:&quot;0&quot;,&quot;shutter_speed&quot;:&quot;0&quot;,&quot;title&quot;:&quot;&quot;,&quot;orientation&quot;:&quot;0&quot;}\" data-image-title=\"0wef-young-global-leaders-schwab\" data-image-description=\"\" data-image-caption=\"\" data-large-file=\"https:\/\/i0.wp.com\/climatescience.press\/wp-content\/uploads\/2023\/01\/0wef-young-global-leaders-schwab.webp?fit=470%2C520&amp;ssl=1\" src=\"https:\/\/i0.wp.com\/climatescience.press\/wp-content\/uploads\/2023\/01\/0wef-young-global-leaders-schwab.webp?resize=470%2C520&#038;ssl=1\" alt=\"\" class=\"wp-image-237981\" srcset=\"https:\/\/i0.wp.com\/climatescience.press\/wp-content\/uploads\/2023\/01\/0wef-young-global-leaders-schwab.webp?w=470&amp;ssl=1 470w, https:\/\/i0.wp.com\/climatescience.press\/wp-content\/uploads\/2023\/01\/0wef-young-global-leaders-schwab.webp?resize=271%2C300&amp;ssl=1 271w\" sizes=\"auto, (max-width: 470px) 100vw, 470px\" \/><\/figure>\n<\/div>\n\n\n<p class=\"has-text-align-center wp-block-paragraph\">There are currently about 1,300 graduates of this school, and the list of alumni includes several names of those who went on to become leaders of the health institutions of their respective nations:<\/p>\n\n\n\n<p class=\"wp-block-paragraph\"><\/p>\n\n\n\n<p class=\"wp-block-paragraph\">Wentworth reports&nbsp;<a href=\"https:\/\/wentworthreport.com\/2022\/01\/07\/klaus-schwabs-young-global-leaders-school-rules-the-world\/\"><strong>Klaus Schwab\u2019s \u201cYoung Global Leaders\u201d school rules the world?.<\/strong><\/a>&nbsp; Excerpts in italics with my bolds.<\/p>\n\n\n\n<p class=\"wp-block-paragraph\"><em><strong>How is it that more than 190 governments<\/strong>&nbsp;from all over the world ended up&nbsp;<strong>dealing with the COVID-19 pandemic in almost exactly the same manner,<\/strong>&nbsp;with lockdowns, mask mandates, and vaccination cards now being commonplace everywhere?&nbsp; &nbsp;<strong>Always vaccines, never therapeutics<\/strong>&nbsp;like vitamin D, zinc, ivermectin or \u2014 like Trump suggested \u2014 HCQ.<\/em><\/p>\n\n\n\n<p class=\"wp-block-paragraph\"><em>The answer may lie in the<strong>&nbsp;Young Global Leaders school,<\/strong>&nbsp;which was established and managed by Klaus Schwab of the World Economic Forum, and that many of today\u2019s prominent political and business leaders passed through on their way to the top.<\/em><\/p>\n\n\n\n<p class=\"wp-block-paragraph\"><em>The German economist, journalist, and author&nbsp;<strong>Ernst Wolff has revealed some facts<\/strong>&nbsp;about Schwab\u2019s \u201cYoung Global Leaders\u201d school \u2026 in a video from the German Corona Committee podcast.<\/em><\/p>\n\n\n\n<p class=\"wp-block-paragraph\"><em>The story begins with the World Economic Forum (WEF), which is an NGO founded by Klaus Schwab, a German economist and mechanical engineer, in Switzerland in 1971, when he was only 32. The&nbsp;<strong>WEF is best-known to the public for the annual conferences it holds in Davos, Switzerland<\/strong>&nbsp;each January that aim to bring together political and business leaders from around the world to discuss the problems of the day. Today, it is one of the most important&nbsp;<strong>networks<\/strong>&nbsp;in the world for<strong>&nbsp;the globalist power elite<\/strong>, being&nbsp;<strong>funded by approximately a thousand multinational corporations. \u2026<\/strong><\/em><\/p>\n\n\n\n<p class=\"wp-block-paragraph\"><em>Wolff points out that very<strong>&nbsp;few graduates of the Global Leaders school list it on their CVs.<\/strong>&nbsp;He says that he has only seen it listed on one: namely, that of the German economist Richard Werner, who is a known critic of the establishment. \u2026<\/em><\/p>\n\n\n\n<p class=\"wp-block-paragraph\"><em>Another thing that the Global Leaders graduates have in common is that&nbsp;<strong>most of them have very sparse CVs<\/strong>&nbsp;apart from their participation in the program&nbsp;<strong>prior to being elevated to positions of power,<\/strong>&nbsp;which may indicate that it is their connection to Schwab\u2019s institutions that is the decisive factor in launching their careers. This is most evident&nbsp;<strong>when the school\u2019s alumni are publicly questioned about issues that they have not been instructed to talk about<\/strong>&nbsp;in advance, and their struggles to come up with answers are often quite evident. Wolff contends that their&nbsp;<strong>roles are only to act as mouthpieces for the talking points<\/strong>&nbsp;that those in the shadows behind them want discussed in public debate. \u2026<\/em><\/p>\n\n\n\n<h5 class=\"wp-block-heading\"><strong>Transcript of Peterson Video Above<\/strong><\/h5>\n\n\n\n<p class=\"wp-block-paragraph\">When I look at Trudeau there\u2019s a couple of things that I see. I see someone who hasn\u2019t grown up. One of the most appalling things about the budget, as far as I was concerned, is that it provides ample evidence (if such was not already sufficiently provided) that Trudeau is exactly what you would be afraid of. He doesn\u2019t have an answer to a problem that isn\u2019t overwhelmingly predictable ideologically.<\/p>\n\n\n\n<p class=\"wp-block-paragraph\">It\u2019s like you don\u2019t even need him, you just have to run the ideology, it has the answers. What\u2019s the big problem: equity between men and women? I\u2019m sorry that\u2019s not the big problem, that\u2019s not even scratching the surface of the problem with that approach. And your solutions? You can learn those your first week in women\u2019s studies. They are the sorts of solutions children toy with when they have no idea what they\u2019re contending with.&nbsp; Well there\u2019s there\u2019s not a lot there I\u2019m afraid.<\/p>\n\n\n\n<p class=\"wp-block-paragraph\">Fixing these complex systems is unbelievably complicated and you\u2019re likely to make them worse when you\u2019re mucking about with them haphazardly. And so it\u2019s way easier just to do what Trudeau said back in 2016. Why do we have women half of the cabinet? Because it\u2019s 2016! It\u2019s almost impossible to overstate how shallow that comment is. And not only shallow but also casually malevolent in an unconscious sense. Because he had a job to do, which was to evaluate his MPs thoroughly and skeptically and pick the best people, period. But that isn\u2019t what he did. Instead he said: \u201cOh well, it\u2019s 2016 so I\u2019ll appoint half women.\u201d<\/p>\n\n\n\n<p class=\"wp-block-paragraph\">Everybody gave them a pass on that so here we are now. We have a budget that\u2019s equity focused, well good luck with that.<\/p>\n\n\n\n<p class=\"wp-block-paragraph\">When I look at Trudeau there\u2019s a couple of things that I see. I see someone who hasn\u2019t grown up so he\u2019s Peter Pan. I see someone who knows how to behave in public. That\u2019s one thing you can say, he\u2019s got that that easy charisma and charm that comes from being good-looking and being from a favored background. He\u2019s got by on that favored background.<\/p>\n\n\n\n<p class=\"wp-block-paragraph\">I believe that if he had any true character that he would not have run. Because he ran on the strength of his name and he hadn\u2019t earned the right to do that. But people elected him, and so here we are, and this is what we get. He pulled out the ideological card when he formulated the cabinet and Canadians all went: \u201cOh isn\u2019t that cute.\u201d No it\u2019s not cute, it\u2019s not acceptable and now we\u2019re paying the price for it.<\/p>\n\n\n\n<p class=\"wp-block-paragraph\"><\/p>\n\n\n\n<p class=\"wp-block-paragraph\"><\/p>\n","protected":false},"excerpt":{"rendered":"<p>Nearly half of Canadians say they want a federal election in 2023, a new poll finds, and\u00a0a slim majority indicate that Prime Minister Justin Trudeau should step down as Liberal leader in the new year.<\/p>\n","protected":false},"author":121246920,"featured_media":237967,"comment_status":"open","ping_status":"open","sticky":false,"template":"","format":"standard","meta":{"_coblocks_attr":"","_coblocks_dimensions":"","_coblocks_responsive_height":"","_coblocks_accordion_ie_support":"","_crdt_document":"","advanced_seo_description":"","jetpack_seo_html_title":"","jetpack_seo_noindex":false,"_jetpack_newsletter_access":"","_jetpack_dont_email_post_to_subs":false,"_jetpack_newsletter_tier_id":0,"_jetpack_memberships_contains_paywalled_content":false,"_jetpack_memberships_contains_paid_content":false,"footnotes":"","jetpack_publicize_message":"","jetpack_publicize_feature_enabled":true,"jetpack_social_post_already_shared":true,"jetpack_social_options":{"image_generator_settings":{"template":"highway","default_image_id":0,"font":"","enabled":false},"version":2},"jetpack_post_was_ever_published":false},"categories":[1],"tags":[],"class_list":{"0":"post-237961","1":"post","2":"type-post","3":"status-publish","4":"format-standard","5":"has-post-thumbnail","6":"hentry","7":"category-uncategorized","9":"fallback-thumbnail"},"jetpack_publicize_connections":[],"jetpack_featured_media_url":"https:\/\/i0.wp.com\/climatescience.press\/wp-content\/uploads\/2023\/01\/0CP165508004-700x420-1.jpeg?fit=700%2C420&ssl=1","jetpack_likes_enabled":true,"jetpack_sharing_enabled":true,"jetpack_shortlink":"https:\/\/wp.me\/paxLW1-ZU5","jetpack-related-posts":[{"id":239869,"url":"https:\/\/climatescience.press\/?p=239869","url_meta":{"origin":237961,"position":0},"title":"Oh Canada, True North Not So Strong or Free","author":"uwe.roland.gross","date":"01\/15\/2023","format":false,"excerpt":"Justin Trudeau\u2019s \u2018liberal\u2019 government is riding roughshod over liberty.","rel":"","context":"Similar post","block_context":{"text":"Similar post","link":""},"img":{"alt_text":"","src":"https:\/\/i0.wp.com\/climatescience.press\/wp-content\/uploads\/2023\/01\/00justin-1536x864-1.jpg?fit=1200%2C675&ssl=1&resize=350%2C200","width":350,"height":200,"srcset":"https:\/\/i0.wp.com\/climatescience.press\/wp-content\/uploads\/2023\/01\/00justin-1536x864-1.jpg?fit=1200%2C675&ssl=1&resize=350%2C200 1x, https:\/\/i0.wp.com\/climatescience.press\/wp-content\/uploads\/2023\/01\/00justin-1536x864-1.jpg?fit=1200%2C675&ssl=1&resize=525%2C300 1.5x, https:\/\/i0.wp.com\/climatescience.press\/wp-content\/uploads\/2023\/01\/00justin-1536x864-1.jpg?fit=1200%2C675&ssl=1&resize=700%2C400 2x, https:\/\/i0.wp.com\/climatescience.press\/wp-content\/uploads\/2023\/01\/00justin-1536x864-1.jpg?fit=1200%2C675&ssl=1&resize=1050%2C600 3x"},"classes":[]},{"id":210399,"url":"https:\/\/climatescience.press\/?p=210399","url_meta":{"origin":237961,"position":1},"title":"Trudeau Government Out of Service","author":"uwe.roland.gross","date":"07\/26\/2022","format":false,"excerpt":"The view from National Post is\u00a0Trudeau fiddles, while the federal government crumbles around him.\u00a0 Excerpts in italics with my bolds and added images. The Trudeau Liberals are failing to deliver even the most basic government services Prime Minister Justin Trudeau visits children at the Okanagan Boys and Girls Club childcare\u2026","rel":"","context":"Similar post","block_context":{"text":"Similar post","link":""},"img":{"alt_text":"","src":"https:\/\/i0.wp.com\/climatescience.press\/wp-content\/uploads\/2022\/07\/0canada-capital-oos.png?fit=1196%2C796&ssl=1&resize=350%2C200","width":350,"height":200,"srcset":"https:\/\/i0.wp.com\/climatescience.press\/wp-content\/uploads\/2022\/07\/0canada-capital-oos.png?fit=1196%2C796&ssl=1&resize=350%2C200 1x, https:\/\/i0.wp.com\/climatescience.press\/wp-content\/uploads\/2022\/07\/0canada-capital-oos.png?fit=1196%2C796&ssl=1&resize=525%2C300 1.5x, https:\/\/i0.wp.com\/climatescience.press\/wp-content\/uploads\/2022\/07\/0canada-capital-oos.png?fit=1196%2C796&ssl=1&resize=700%2C400 2x, https:\/\/i0.wp.com\/climatescience.press\/wp-content\/uploads\/2022\/07\/0canada-capital-oos.png?fit=1196%2C796&ssl=1&resize=1050%2C600 3x"},"classes":[]},{"id":219710,"url":"https:\/\/climatescience.press\/?p=219710","url_meta":{"origin":237961,"position":2},"title":"Trudeau Faces Real Opponent at Last","author":"uwe.roland.gross","date":"09\/20\/2022","format":false,"excerpt":"Trudeau set the tone for the fall parliamentary session when he \u2018congratulated\u2019 Poilievre on his victory last week","rel":"","context":"Similar post","block_context":{"text":"Similar post","link":""},"img":{"alt_text":"","src":"https:\/\/i0.wp.com\/climatescience.press\/wp-content\/uploads\/2022\/09\/image-965.png?fit=1000%2C750&ssl=1&resize=350%2C200","width":350,"height":200,"srcset":"https:\/\/i0.wp.com\/climatescience.press\/wp-content\/uploads\/2022\/09\/image-965.png?fit=1000%2C750&ssl=1&resize=350%2C200 1x, https:\/\/i0.wp.com\/climatescience.press\/wp-content\/uploads\/2022\/09\/image-965.png?fit=1000%2C750&ssl=1&resize=525%2C300 1.5x, https:\/\/i0.wp.com\/climatescience.press\/wp-content\/uploads\/2022\/09\/image-965.png?fit=1000%2C750&ssl=1&resize=700%2C400 2x"},"classes":[]},{"id":219013,"url":"https:\/\/climatescience.press\/?p=219013","url_meta":{"origin":237961,"position":3},"title":"Why CBC Aligns with Trudeau Vs. Conservative Leader Poilievre","author":"uwe.roland.gross","date":"09\/15\/2022","format":false,"excerpt":"No surprise federally subsidized CBC is in the tank for Trudeau claiming Poilievre is divisive.\u00a0","rel":"","context":"Similar post","block_context":{"text":"Similar post","link":""},"img":{"alt_text":"","src":"https:\/\/i0.wp.com\/climatescience.press\/wp-content\/uploads\/2022\/09\/image-749.png?fit=1128%2C846&ssl=1&resize=350%2C200","width":350,"height":200,"srcset":"https:\/\/i0.wp.com\/climatescience.press\/wp-content\/uploads\/2022\/09\/image-749.png?fit=1128%2C846&ssl=1&resize=350%2C200 1x, https:\/\/i0.wp.com\/climatescience.press\/wp-content\/uploads\/2022\/09\/image-749.png?fit=1128%2C846&ssl=1&resize=525%2C300 1.5x, https:\/\/i0.wp.com\/climatescience.press\/wp-content\/uploads\/2022\/09\/image-749.png?fit=1128%2C846&ssl=1&resize=700%2C400 2x, https:\/\/i0.wp.com\/climatescience.press\/wp-content\/uploads\/2022\/09\/image-749.png?fit=1128%2C846&ssl=1&resize=1050%2C600 3x"},"classes":[]},{"id":274999,"url":"https:\/\/climatescience.press\/?p=274999","url_meta":{"origin":237961,"position":4},"title":"How Leftists Distract from Destructive Climate\u00a0Policies","author":"uwe.roland.gross","date":"08\/22\/2023","format":false,"excerpt":"Justin Trudeau\u00a0may have shaken up the Liberals\u2019 front bench, but a new poll suggests he\u00a0remains on shaky ground with voters.","rel":"","context":"In \"Climate\u00a0Policies\"","block_context":{"text":"Climate\u00a0Policies","link":"https:\/\/climatescience.press\/?tag=climate-policies-2"},"img":{"alt_text":"","src":"https:\/\/i0.wp.com\/climatescience.press\/wp-content\/uploads\/2023\/08\/0net-zero_cities.jpg?fit=1200%2C600&ssl=1&resize=350%2C200","width":350,"height":200,"srcset":"https:\/\/i0.wp.com\/climatescience.press\/wp-content\/uploads\/2023\/08\/0net-zero_cities.jpg?fit=1200%2C600&ssl=1&resize=350%2C200 1x, https:\/\/i0.wp.com\/climatescience.press\/wp-content\/uploads\/2023\/08\/0net-zero_cities.jpg?fit=1200%2C600&ssl=1&resize=525%2C300 1.5x, https:\/\/i0.wp.com\/climatescience.press\/wp-content\/uploads\/2023\/08\/0net-zero_cities.jpg?fit=1200%2C600&ssl=1&resize=700%2C400 2x, https:\/\/i0.wp.com\/climatescience.press\/wp-content\/uploads\/2023\/08\/0net-zero_cities.jpg?fit=1200%2C600&ssl=1&resize=1050%2C600 3x"},"classes":[]},{"id":217959,"url":"https:\/\/climatescience.press\/?p=217959","url_meta":{"origin":237961,"position":5},"title":"Hope for Trudeau\u2019s Exit","author":"uwe.roland.gross","date":"09\/08\/2022","format":false,"excerpt":"The end of Trudeau\u2019s regime in Canada can\u2019t happen soon enough, but hope is on the horizon.\u00a0","rel":"","context":"Similar post","block_context":{"text":"Similar post","link":""},"img":{"alt_text":"","src":"https:\/\/i0.wp.com\/climatescience.press\/wp-content\/uploads\/2022\/09\/image-453.png?fit=900%2C866&ssl=1&resize=350%2C200","width":350,"height":200,"srcset":"https:\/\/i0.wp.com\/climatescience.press\/wp-content\/uploads\/2022\/09\/image-453.png?fit=900%2C866&ssl=1&resize=350%2C200 1x, https:\/\/i0.wp.com\/climatescience.press\/wp-content\/uploads\/2022\/09\/image-453.png?fit=900%2C866&ssl=1&resize=525%2C300 1.5x, https:\/\/i0.wp.com\/climatescience.press\/wp-content\/uploads\/2022\/09\/image-453.png?fit=900%2C866&ssl=1&resize=700%2C400 2x"},"classes":[]}],"_links":{"self":[{"href":"https:\/\/climatescience.press\/index.php?rest_route=\/wp\/v2\/posts\/237961","targetHints":{"allow":["GET"]}}],"collection":[{"href":"https:\/\/climatescience.press\/index.php?rest_route=\/wp\/v2\/posts"}],"about":[{"href":"https:\/\/climatescience.press\/index.php?rest_route=\/wp\/v2\/types\/post"}],"author":[{"embeddable":true,"href":"https:\/\/climatescience.press\/index.php?rest_route=\/wp\/v2\/users\/121246920"}],"replies":[{"embeddable":true,"href":"https:\/\/climatescience.press\/index.php?rest_route=%2Fwp%2Fv2%2Fcomments&post=237961"}],"version-history":[{"count":8,"href":"https:\/\/climatescience.press\/index.php?rest_route=\/wp\/v2\/posts\/237961\/revisions"}],"predecessor-version":[{"id":237983,"href":"https:\/\/climatescience.press\/index.php?rest_route=\/wp\/v2\/posts\/237961\/revisions\/237983"}],"wp:featuredmedia":[{"embeddable":true,"href":"https:\/\/climatescience.press\/index.php?rest_route=\/wp\/v2\/media\/237967"}],"wp:attachment":[{"href":"https:\/\/climatescience.press\/index.php?rest_route=%2Fwp%2Fv2%2Fmedia&parent=237961"}],"wp:term":[{"taxonomy":"category","embeddable":true,"href":"https:\/\/climatescience.press\/index.php?rest_route=%2Fwp%2Fv2%2Fcategories&post=237961"},{"taxonomy":"post_tag","embeddable":true,"href":"https:\/\/climatescience.press\/index.php?rest_route=%2Fwp%2Fv2%2Ftags&post=237961"}],"curies":[{"name":"wp","href":"https:\/\/api.w.org\/{rel}","templated":true}]}}